{"id":10154,"date":"2025-09-17T15:56:51","date_gmt":"2025-09-17T20:56:51","guid":{"rendered":"https:\/\/amcham.org.pe\/news\/?p=10154"},"modified":"2025-09-17T15:56:51","modified_gmt":"2025-09-17T20:56:51","slug":"minem-inversion-minera-llego-a-us2823-millones-entre-enero-y-julio-un-crecimiento-de-10-7","status":"publish","type":"post","link":"https:\/\/amcham.org.pe\/news\/minem-inversion-minera-llego-a-us2823-millones-entre-enero-y-julio-un-crecimiento-de-10-7\/","title":{"rendered":"Minem: inversi\u00f3n minera lleg\u00f3 a US$2,823 millones entre enero y julio, un crecimiento de 10.7%"},"content":{"rendered":"","protected":false},"excerpt":{"rendered":"","protected":false},"author":2,"featured_media":0,"comment_status":"closed","ping_status":"open","sticky":false,"template":"","format":"standard","meta":{"footnotes":""},"categories":[3],"tags":[11,504,429,177],"class_list":["post-10154","post","type-post","status-publish","format-standard","hentry","category-economia","tag-economia","tag-energia-y-mineria","tag-inversion-privada","tag-minem"],"yoast_head":"<!-- This site is optimized with the Yoast SEO plugin v14.5 - https:\/\/yoast.com\/wordpress\/plugins\/seo\/ -->\n<meta name=\"description\" content=\"La inversi\u00f3n minera sigue al alza en lo que va el a\u00f1o. Seg\u00fan el bolet\u00edn minero del Ministerio de Energ\u00eda y Minas (Minem), la inversi\u00f3n minera lleg\u00f3 a US$2,823 millones en los primeros siete meses del 2025, un crecimiento de 10.7% en comparaci\u00f3n con el mismo periodo del a\u00f1o pasado.\" \/>\n<meta name=\"robots\" content=\"index, follow\" \/>\n<meta name=\"googlebot\" content=\"index, follow, max-snippet:-1, max-image-preview:large, max-video-preview:-1\" \/>\n<meta name=\"bingbot\" content=\"index, follow, max-snippet:-1, max-image-preview:large, max-video-preview:-1\" \/>\n<link rel=\"canonical\" href=\"https:\/\/amcham.org.pe\/news\/minem-inversion-minera-llego-a-us2823-millones-entre-enero-y-julio-un-crecimiento-de-10-7\/\" \/>\n<meta property=\"og:locale\" content=\"es_ES\" \/>\n<meta property=\"og:type\" content=\"article\" \/>\n<meta property=\"og:title\" content=\"Minem: inversi\u00f3n minera lleg\u00f3 a US$2,823 millones entre enero y julio, un crecimiento de 10.7% - AmCham News\" \/>\n<meta property=\"og:description\" content=\"La inversi\u00f3n minera sigue al alza en lo que va el a\u00f1o. Seg\u00fan el bolet\u00edn minero del Ministerio de Energ\u00eda y Minas (Minem), la inversi\u00f3n minera lleg\u00f3 a US$2,823 millones en los primeros siete meses del 2025, un crecimiento de 10.7% en comparaci\u00f3n con el mismo periodo del a\u00f1o pasado.\" \/>\n<meta property=\"og:url\" content=\"https:\/\/amcham.org.pe\/news\/minem-inversion-minera-llego-a-us2823-millones-entre-enero-y-julio-un-crecimiento-de-10-7\/\" \/>\n<meta property=\"og:site_name\" content=\"AmCham News\" \/>\n<meta property=\"article:published_time\" content=\"2025-09-17T20:56:51+00:00\" \/>\n<meta property=\"og:image\" content=\"https:\/\/amcham.org.pe\/news\/wp-content\/uploads\/2023\/09\/AdobeStock_560931780-scaled.jpeg\" \/>\n\t<meta property=\"og:image:width\" content=\"2560\" \/>\n\t<meta property=\"og:image:height\" content=\"1707\" \/>\n<meta name=\"twitter:card\" content=\"summary_large_image\" \/>\n<script type=\"application\/ld+json\" class=\"yoast-schema-graph\">{\"@context\":\"https:\/\/schema.org\",\"@graph\":[{\"@type\":\"WebSite\",\"@id\":\"https:\/\/amcham.org.pe\/news\/#website\",\"url\":\"https:\/\/amcham.org.pe\/news\/\",\"name\":\"Amcham News\",\"description\":\"\",\"potentialAction\":[{\"@type\":\"SearchAction\",\"target\":\"https:\/\/amcham.org.pe\/news\/?s={search_term_string}\",\"query-input\":\"required name=search_term_string\"}],\"inLanguage\":\"es\"},{\"@type\":\"WebPage\",\"@id\":\"https:\/\/amcham.org.pe\/news\/minem-inversion-minera-llego-a-us2823-millones-entre-enero-y-julio-un-crecimiento-de-10-7\/#webpage\",\"url\":\"https:\/\/amcham.org.pe\/news\/minem-inversion-minera-llego-a-us2823-millones-entre-enero-y-julio-un-crecimiento-de-10-7\/\",\"name\":\"Minem: inversi\\u00f3n minera lleg\\u00f3 a US$2,823 millones entre enero y julio, un crecimiento de 10.7% - AmCham News\",\"isPartOf\":{\"@id\":\"https:\/\/amcham.org.pe\/news\/#website\"},\"datePublished\":\"2025-09-17T20:56:51+00:00\",\"dateModified\":\"2025-09-17T20:56:51+00:00\",\"author\":{\"@id\":\"https:\/\/amcham.org.pe\/news\/#\/schema\/person\/c87e67b38d12c59ee4af463f78dbe2f9\"},\"description\":\"La inversi\\u00f3n minera sigue al alza en lo que va el a\\u00f1o. Seg\\u00fan el bolet\\u00edn minero del Ministerio de Energ\\u00eda y Minas (Minem), la inversi\\u00f3n minera lleg\\u00f3 a US$2,823 millones en los primeros siete meses del 2025, un crecimiento de 10.7% en comparaci\\u00f3n con el mismo periodo del a\\u00f1o pasado.\",\"inLanguage\":\"es\",\"potentialAction\":[{\"@type\":\"ReadAction\",\"target\":[\"https:\/\/amcham.org.pe\/news\/minem-inversion-minera-llego-a-us2823-millones-entre-enero-y-julio-un-crecimiento-de-10-7\/\"]}]},{\"@type\":[\"Person\"],\"@id\":\"https:\/\/amcham.org.pe\/news\/#\/schema\/person\/c87e67b38d12c59ee4af463f78dbe2f9\",\"name\":\"Administrador\"}]}<\/script>\n<!-- \/ Yoast SEO plugin. -->","_links":{"self":[{"href":"https:\/\/amcham.org.pe\/news\/wp-json\/wp\/v2\/posts\/10154","targetHints":{"allow":["GET"]}}],"collection":[{"href":"https:\/\/amcham.org.pe\/news\/wp-json\/wp\/v2\/posts"}],"about":[{"href":"https:\/\/amcham.org.pe\/news\/wp-json\/wp\/v2\/types\/post"}],"author":[{"embeddable":true,"href":"https:\/\/amcham.org.pe\/news\/wp-json\/wp\/v2\/users\/2"}],"replies":[{"embeddable":true,"href":"https:\/\/amcham.org.pe\/news\/wp-json\/wp\/v2\/comments?post=10154"}],"version-history":[{"count":2,"href":"https:\/\/amcham.org.pe\/news\/wp-json\/wp\/v2\/posts\/10154\/revisions"}],"predecessor-version":[{"id":10156,"href":"https:\/\/amcham.org.pe\/news\/wp-json\/wp\/v2\/posts\/10154\/revisions\/10156"}],"wp:attachment":[{"href":"https:\/\/amcham.org.pe\/news\/wp-json\/wp\/v2\/media?parent=10154"}],"wp:term":[{"taxonomy":"category","embeddable":true,"href":"https:\/\/amcham.org.pe\/news\/wp-json\/wp\/v2\/categories?post=10154"},{"taxonomy":"post_tag","embeddable":true,"href":"https:\/\/amcham.org.pe\/news\/wp-json\/wp\/v2\/tags?post=10154"}],"curies":[{"name":"wp","href":"https:\/\/api.w.org\/{rel}","templated":true}]}}