{"id":10443,"date":"2026-01-15T12:33:54","date_gmt":"2026-01-15T17:33:54","guid":{"rendered":"https:\/\/amcham.org.pe\/news\/?p=10443"},"modified":"2026-01-15T12:33:54","modified_gmt":"2026-01-15T17:33:54","slug":"ey-peru-como-se-calcula-la-remuneracion-del-feriado-a-quienes-les-corresponde-y-cuales-son-las-multas","status":"publish","type":"post","link":"https:\/\/amcham.org.pe\/news\/ey-peru-como-se-calcula-la-remuneracion-del-feriado-a-quienes-les-corresponde-y-cuales-son-las-multas\/","title":{"rendered":"EY Per\u00fa: c\u00f3mo se calcula la remuneraci\u00f3n del feriado, a quienes les corresponde y cu\u00e1les son las multas"},"content":{"rendered":"","protected":false},"excerpt":{"rendered":"","protected":false},"author":2,"featured_media":0,"comment_status":"closed","ping_status":"open","sticky":false,"template":"","format":"standard","meta":{"footnotes":""},"categories":[7],"tags":[395,165,499,587],"class_list":["post-10443","post","type-post","status-publish","format-standard","hentry","category-socionoticias","tag-amcham-peru","tag-ey-peru","tag-laboral","tag-socionoticias"],"yoast_head":"<!-- This site is optimized with the Yoast SEO plugin v14.5 - https:\/\/yoast.com\/wordpress\/plugins\/seo\/ -->\n<meta name=\"description\" content=\"Durante el 2026, el calendario peruano contempla 16 feriados de alcance nacional, que aplican tanto al sector p\u00fablico como al privado. De acuerdo con la legislaci\u00f3n laboral peruana, los feriados son d\u00edas de descanso obligatorio y remunerado para los trabajadores en planilla. Esto implica que las empresas deben pagar la jornada completa a sus trabajadores, incluso si no prestan servicios en dichos d\u00edas.\" \/>\n<meta name=\"robots\" content=\"index, follow\" \/>\n<meta name=\"googlebot\" content=\"index, follow, max-snippet:-1, max-image-preview:large, max-video-preview:-1\" \/>\n<meta name=\"bingbot\" content=\"index, follow, max-snippet:-1, max-image-preview:large, max-video-preview:-1\" \/>\n<link rel=\"canonical\" href=\"https:\/\/amcham.org.pe\/news\/ey-peru-como-se-calcula-la-remuneracion-del-feriado-a-quienes-les-corresponde-y-cuales-son-las-multas\/\" \/>\n<meta property=\"og:locale\" content=\"es_ES\" \/>\n<meta property=\"og:type\" content=\"article\" \/>\n<meta property=\"og:title\" content=\"EY Per\u00fa: c\u00f3mo se calcula la remuneraci\u00f3n del feriado, a quienes les corresponde y cu\u00e1les son las multas - AmCham News\" \/>\n<meta property=\"og:description\" content=\"Durante el 2026, el calendario peruano contempla 16 feriados de alcance nacional, que aplican tanto al sector p\u00fablico como al privado. De acuerdo con la legislaci\u00f3n laboral peruana, los feriados son d\u00edas de descanso obligatorio y remunerado para los trabajadores en planilla. Esto implica que las empresas deben pagar la jornada completa a sus trabajadores, incluso si no prestan servicios en dichos d\u00edas.\" \/>\n<meta property=\"og:url\" content=\"https:\/\/amcham.org.pe\/news\/ey-peru-como-se-calcula-la-remuneracion-del-feriado-a-quienes-les-corresponde-y-cuales-son-las-multas\/\" \/>\n<meta property=\"og:site_name\" content=\"AmCham News\" \/>\n<meta property=\"article:published_time\" content=\"2026-01-15T17:33:54+00:00\" \/>\n<meta property=\"og:image\" content=\"https:\/\/amcham.org.pe\/news\/wp-content\/uploads\/2026\/01\/feriado-scaled.jpeg\" \/>\n\t<meta property=\"og:image:width\" content=\"2560\" \/>\n\t<meta property=\"og:image:height\" content=\"1695\" \/>\n<meta name=\"twitter:card\" content=\"summary_large_image\" \/>\n<meta name=\"twitter:image\" content=\"https:\/\/amcham.org.pe\/news\/wp-content\/uploads\/2026\/01\/feriado-scaled.jpeg\" \/>\n<script type=\"application\/ld+json\" class=\"yoast-schema-graph\">{\"@context\":\"https:\/\/schema.org\",\"@graph\":[{\"@type\":\"WebSite\",\"@id\":\"https:\/\/amcham.org.pe\/news\/#website\",\"url\":\"https:\/\/amcham.org.pe\/news\/\",\"name\":\"Amcham News\",\"description\":\"\",\"potentialAction\":[{\"@type\":\"SearchAction\",\"target\":\"https:\/\/amcham.org.pe\/news\/?s={search_term_string}\",\"query-input\":\"required name=search_term_string\"}],\"inLanguage\":\"es\"},{\"@type\":\"WebPage\",\"@id\":\"https:\/\/amcham.org.pe\/news\/ey-peru-como-se-calcula-la-remuneracion-del-feriado-a-quienes-les-corresponde-y-cuales-son-las-multas\/#webpage\",\"url\":\"https:\/\/amcham.org.pe\/news\/ey-peru-como-se-calcula-la-remuneracion-del-feriado-a-quienes-les-corresponde-y-cuales-son-las-multas\/\",\"name\":\"EY Per\\u00fa: c\\u00f3mo se calcula la remuneraci\\u00f3n del feriado, a quienes les corresponde y cu\\u00e1les son las multas - AmCham News\",\"isPartOf\":{\"@id\":\"https:\/\/amcham.org.pe\/news\/#website\"},\"datePublished\":\"2026-01-15T17:33:54+00:00\",\"dateModified\":\"2026-01-15T17:33:54+00:00\",\"author\":{\"@id\":\"https:\/\/amcham.org.pe\/news\/#\/schema\/person\/c87e67b38d12c59ee4af463f78dbe2f9\"},\"description\":\"Durante el 2026, el calendario peruano contempla 16 feriados de alcance nacional, que aplican tanto al sector p\\u00fablico como al privado. De acuerdo con la legislaci\\u00f3n laboral peruana, los feriados son d\\u00edas de descanso obligatorio y remunerado para los trabajadores en planilla. Esto implica que las empresas deben pagar la jornada completa a sus trabajadores, incluso si no prestan servicios en dichos d\\u00edas.\",\"inLanguage\":\"es\",\"potentialAction\":[{\"@type\":\"ReadAction\",\"target\":[\"https:\/\/amcham.org.pe\/news\/ey-peru-como-se-calcula-la-remuneracion-del-feriado-a-quienes-les-corresponde-y-cuales-son-las-multas\/\"]}]},{\"@type\":[\"Person\"],\"@id\":\"https:\/\/amcham.org.pe\/news\/#\/schema\/person\/c87e67b38d12c59ee4af463f78dbe2f9\",\"name\":\"Administrador\"}]}<\/script>\n<!-- \/ Yoast SEO plugin. -->","_links":{"self":[{"href":"https:\/\/amcham.org.pe\/news\/wp-json\/wp\/v2\/posts\/10443","targetHints":{"allow":["GET"]}}],"collection":[{"href":"https:\/\/amcham.org.pe\/news\/wp-json\/wp\/v2\/posts"}],"about":[{"href":"https:\/\/amcham.org.pe\/news\/wp-json\/wp\/v2\/types\/post"}],"author":[{"embeddable":true,"href":"https:\/\/amcham.org.pe\/news\/wp-json\/wp\/v2\/users\/2"}],"replies":[{"embeddable":true,"href":"https:\/\/amcham.org.pe\/news\/wp-json\/wp\/v2\/comments?post=10443"}],"version-history":[{"count":1,"href":"https:\/\/amcham.org.pe\/news\/wp-json\/wp\/v2\/posts\/10443\/revisions"}],"predecessor-version":[{"id":10445,"href":"https:\/\/amcham.org.pe\/news\/wp-json\/wp\/v2\/posts\/10443\/revisions\/10445"}],"wp:attachment":[{"href":"https:\/\/amcham.org.pe\/news\/wp-json\/wp\/v2\/media?parent=10443"}],"wp:term":[{"taxonomy":"category","embeddable":true,"href":"https:\/\/amcham.org.pe\/news\/wp-json\/wp\/v2\/categories?post=10443"},{"taxonomy":"post_tag","embeddable":true,"href":"https:\/\/amcham.org.pe\/news\/wp-json\/wp\/v2\/tags?post=10443"}],"curies":[{"name":"wp","href":"https:\/\/api.w.org\/{rel}","templated":true}]}}