{"id":10461,"date":"2026-01-20T11:31:17","date_gmt":"2026-01-20T16:31:17","guid":{"rendered":"https:\/\/amcham.org.pe\/news\/?p=10461"},"modified":"2026-01-20T11:31:17","modified_gmt":"2026-01-20T16:31:17","slug":"foro-panorama-2026-conoce-a-los-expositores-y-panelistas-del-evento","status":"publish","type":"post","link":"https:\/\/amcham.org.pe\/news\/foro-panorama-2026-conoce-a-los-expositores-y-panelistas-del-evento\/","title":{"rendered":"Foro Panorama 2026: conoce a los expositores y panelistas del evento"},"content":{"rendered":"","protected":false},"excerpt":{"rendered":"","protected":false},"author":2,"featured_media":0,"comment_status":"closed","ping_status":"open","sticky":false,"template":"","format":"standard","meta":{"footnotes":""},"categories":[6],"tags":[395,640,650],"class_list":["post-10461","post","type-post","status-publish","format-standard","hentry","category-especiales","tag-amcham-peru","tag-especiales","tag-foro-panorama"],"yoast_head":"<!-- This site is optimized with the Yoast SEO plugin v14.5 - https:\/\/yoast.com\/wordpress\/plugins\/seo\/ -->\n<meta name=\"description\" content=\"El pr\u00f3ximo 27 de enero, el Comit\u00e9 de Asuntos Corporativos de la C\u00e1mara de Comercio Americana del Per\u00fa (AmCham Per\u00fa) realizar\u00e1 una nueva edici\u00f3n del Foro Panorama, evento enfocado en explicar los temas m\u00e1s importantes en materia pol\u00edtica y econ\u00f3mica para el presente a\u00f1o.\" \/>\n<meta name=\"robots\" content=\"index, follow\" \/>\n<meta name=\"googlebot\" content=\"index, follow, max-snippet:-1, max-image-preview:large, max-video-preview:-1\" \/>\n<meta name=\"bingbot\" content=\"index, follow, max-snippet:-1, max-image-preview:large, max-video-preview:-1\" \/>\n<link rel=\"canonical\" href=\"https:\/\/amcham.org.pe\/news\/foro-panorama-2026-conoce-a-los-expositores-y-panelistas-del-evento\/\" \/>\n<meta property=\"og:locale\" content=\"es_ES\" \/>\n<meta property=\"og:type\" content=\"article\" \/>\n<meta property=\"og:title\" content=\"Foro Panorama 2026: conoce a los expositores y panelistas del evento - AmCham News\" \/>\n<meta property=\"og:description\" content=\"El pr\u00f3ximo 27 de enero, el Comit\u00e9 de Asuntos Corporativos de la C\u00e1mara de Comercio Americana del Per\u00fa (AmCham Per\u00fa) realizar\u00e1 una nueva edici\u00f3n del Foro Panorama, evento enfocado en explicar los temas m\u00e1s importantes en materia pol\u00edtica y econ\u00f3mica para el presente a\u00f1o.\" \/>\n<meta property=\"og:url\" content=\"https:\/\/amcham.org.pe\/news\/foro-panorama-2026-conoce-a-los-expositores-y-panelistas-del-evento\/\" \/>\n<meta property=\"og:site_name\" content=\"AmCham News\" \/>\n<meta property=\"article:published_time\" content=\"2026-01-20T16:31:17+00:00\" \/>\n<meta property=\"og:image\" content=\"https:\/\/amcham.org.pe\/news\/wp-content\/uploads\/2023\/04\/shutterstock_1384221830-1.jpg\" \/>\n\t<meta property=\"og:image:width\" content=\"1000\" \/>\n\t<meta property=\"og:image:height\" content=\"538\" \/>\n<meta name=\"twitter:card\" content=\"summary_large_image\" \/>\n<meta name=\"twitter:image\" content=\"https:\/\/amcham.org.pe\/news\/wp-content\/uploads\/2023\/04\/shutterstock_1384221830-1.jpg\" \/>\n<script type=\"application\/ld+json\" class=\"yoast-schema-graph\">{\"@context\":\"https:\/\/schema.org\",\"@graph\":[{\"@type\":\"WebSite\",\"@id\":\"https:\/\/amcham.org.pe\/news\/#website\",\"url\":\"https:\/\/amcham.org.pe\/news\/\",\"name\":\"Amcham News\",\"description\":\"\",\"potentialAction\":[{\"@type\":\"SearchAction\",\"target\":\"https:\/\/amcham.org.pe\/news\/?s={search_term_string}\",\"query-input\":\"required name=search_term_string\"}],\"inLanguage\":\"es\"},{\"@type\":\"WebPage\",\"@id\":\"https:\/\/amcham.org.pe\/news\/foro-panorama-2026-conoce-a-los-expositores-y-panelistas-del-evento\/#webpage\",\"url\":\"https:\/\/amcham.org.pe\/news\/foro-panorama-2026-conoce-a-los-expositores-y-panelistas-del-evento\/\",\"name\":\"Foro Panorama 2026: conoce a los expositores y panelistas del evento - AmCham News\",\"isPartOf\":{\"@id\":\"https:\/\/amcham.org.pe\/news\/#website\"},\"datePublished\":\"2026-01-20T16:31:17+00:00\",\"dateModified\":\"2026-01-20T16:31:17+00:00\",\"author\":{\"@id\":\"https:\/\/amcham.org.pe\/news\/#\/schema\/person\/c87e67b38d12c59ee4af463f78dbe2f9\"},\"description\":\"El pr\\u00f3ximo 27 de enero, el Comit\\u00e9 de Asuntos Corporativos de la C\\u00e1mara de Comercio Americana del Per\\u00fa (AmCham Per\\u00fa) realizar\\u00e1 una nueva edici\\u00f3n del Foro Panorama, evento enfocado en explicar los temas m\\u00e1s importantes en materia pol\\u00edtica y econ\\u00f3mica para el presente a\\u00f1o.\",\"inLanguage\":\"es\",\"potentialAction\":[{\"@type\":\"ReadAction\",\"target\":[\"https:\/\/amcham.org.pe\/news\/foro-panorama-2026-conoce-a-los-expositores-y-panelistas-del-evento\/\"]}]},{\"@type\":[\"Person\"],\"@id\":\"https:\/\/amcham.org.pe\/news\/#\/schema\/person\/c87e67b38d12c59ee4af463f78dbe2f9\",\"name\":\"Administrador\"}]}<\/script>\n<!-- \/ Yoast SEO plugin. -->","_links":{"self":[{"href":"https:\/\/amcham.org.pe\/news\/wp-json\/wp\/v2\/posts\/10461","targetHints":{"allow":["GET"]}}],"collection":[{"href":"https:\/\/amcham.org.pe\/news\/wp-json\/wp\/v2\/posts"}],"about":[{"href":"https:\/\/amcham.org.pe\/news\/wp-json\/wp\/v2\/types\/post"}],"author":[{"embeddable":true,"href":"https:\/\/amcham.org.pe\/news\/wp-json\/wp\/v2\/users\/2"}],"replies":[{"embeddable":true,"href":"https:\/\/amcham.org.pe\/news\/wp-json\/wp\/v2\/comments?post=10461"}],"version-history":[{"count":3,"href":"https:\/\/amcham.org.pe\/news\/wp-json\/wp\/v2\/posts\/10461\/revisions"}],"predecessor-version":[{"id":10474,"href":"https:\/\/amcham.org.pe\/news\/wp-json\/wp\/v2\/posts\/10461\/revisions\/10474"}],"wp:attachment":[{"href":"https:\/\/amcham.org.pe\/news\/wp-json\/wp\/v2\/media?parent=10461"}],"wp:term":[{"taxonomy":"category","embeddable":true,"href":"https:\/\/amcham.org.pe\/news\/wp-json\/wp\/v2\/categories?post=10461"},{"taxonomy":"post_tag","embeddable":true,"href":"https:\/\/amcham.org.pe\/news\/wp-json\/wp\/v2\/tags?post=10461"}],"curies":[{"name":"wp","href":"https:\/\/api.w.org\/{rel}","templated":true}]}}