{"id":11505,"date":"2026-09-01T15:00:37","date_gmt":"2026-09-01T20:00:37","guid":{"rendered":"https:\/\/amcham.org.pe\/news\/?p=11505"},"modified":"2026-09-01T15:00:37","modified_gmt":"2026-09-01T20:00:37","slug":"inei-inflacion-en-lima-se-modero-en-agosto-pero-tasa-acumulada-llego-a-4-4","status":"publish","type":"post","link":"https:\/\/amcham.org.pe\/news\/inei-inflacion-en-lima-se-modero-en-agosto-pero-tasa-acumulada-llego-a-4-4\/","title":{"rendered":"INEI: inflaci\u00f3n en Lima se moder\u00f3 en agosto, pero tasa acumulada lleg\u00f3 a 4.4%"},"content":{"rendered":"","protected":false},"excerpt":{"rendered":"","protected":false},"author":2,"featured_media":0,"comment_status":"closed","ping_status":"open","sticky":false,"template":"","format":"standard","meta":{"_acf_changed":false,"footnotes":""},"categories":[3],"tags":[395,11,24,348],"class_list":["post-11505","post","type-post","status-publish","format-standard","hentry","category-economia","tag-amcham-peru","tag-economia","tag-inei","tag-inflacion"],"acf":[],"yoast_head":"<!-- This site is optimized with the Yoast SEO plugin v14.5 - https:\/\/yoast.com\/wordpress\/plugins\/seo\/ -->\n<meta name=\"description\" content=\"El \u00cdndice de Precios al Consumidor (IPC) de Lima Metropolitana aument\u00f3 0,07% en agosto, una importante moderaci\u00f3n frente a los avances de 0.23% y 0.29% registrados en junio y julio, respectivamente, seg\u00fan el \u00faltimo informe t\u00e9cnico del Instituto Nacional de Estad\u00edstica e Inform\u00e1tica (INEI). Con este resultado, la inflaci\u00f3n acumulada entre enero y agosto alcanz\u00f3 4.2%, mientras que la variaci\u00f3n de los \u00faltimos doce meses se ubic\u00f3 en 4.4%.\" \/>\n<meta name=\"robots\" content=\"index, follow\" \/>\n<meta name=\"googlebot\" content=\"index, follow, max-snippet:-1, max-image-preview:large, max-video-preview:-1\" \/>\n<meta name=\"bingbot\" content=\"index, follow, max-snippet:-1, max-image-preview:large, max-video-preview:-1\" \/>\n<link rel=\"canonical\" href=\"https:\/\/amcham.org.pe\/news\/inei-inflacion-en-lima-se-modero-en-agosto-pero-tasa-acumulada-llego-a-4-4\/\" \/>\n<meta property=\"og:locale\" content=\"es_ES\" \/>\n<meta property=\"og:type\" content=\"article\" \/>\n<meta property=\"og:title\" content=\"INEI: inflaci\u00f3n en Lima se moder\u00f3 en agosto, pero tasa acumulada lleg\u00f3 a 4.4% - AmCham News\" \/>\n<meta property=\"og:description\" content=\"El \u00cdndice de Precios al Consumidor (IPC) de Lima Metropolitana aument\u00f3 0,07% en agosto, una importante moderaci\u00f3n frente a los avances de 0.23% y 0.29% registrados en junio y julio, respectivamente, seg\u00fan el \u00faltimo informe t\u00e9cnico del Instituto Nacional de Estad\u00edstica e Inform\u00e1tica (INEI). Con este resultado, la inflaci\u00f3n acumulada entre enero y agosto alcanz\u00f3 4.2%, mientras que la variaci\u00f3n de los \u00faltimos doce meses se ubic\u00f3 en 4.4%.\" \/>\n<meta property=\"og:url\" content=\"https:\/\/amcham.org.pe\/news\/inei-inflacion-en-lima-se-modero-en-agosto-pero-tasa-acumulada-llego-a-4-4\/\" \/>\n<meta property=\"og:site_name\" content=\"AmCham News\" \/>\n<meta property=\"article:published_time\" content=\"2026-09-01T20:00:37+00:00\" \/>\n<meta property=\"og:image\" content=\"https:\/\/amcham.org.pe\/news\/wp-content\/uploads\/2023\/07\/shutterstock_1260483340-1.jpg\" \/>\n\t<meta property=\"og:image:width\" content=\"1000\" \/>\n\t<meta property=\"og:image:height\" content=\"667\" \/>\n<meta name=\"twitter:card\" content=\"summary_large_image\" \/>\n<meta name=\"twitter:image\" content=\"https:\/\/amcham.org.pe\/news\/wp-content\/uploads\/2023\/07\/shutterstock_1260483340-1.jpg\" \/>\n<script type=\"application\/ld+json\" class=\"yoast-schema-graph\">{\"@context\":\"https:\/\/schema.org\",\"@graph\":[{\"@type\":\"WebSite\",\"@id\":\"https:\/\/amcham.org.pe\/news\/#website\",\"url\":\"https:\/\/amcham.org.pe\/news\/\",\"name\":\"Amcham News\",\"description\":\"\",\"potentialAction\":[{\"@type\":\"SearchAction\",\"target\":\"https:\/\/amcham.org.pe\/news\/?s={search_term_string}\",\"query-input\":\"required name=search_term_string\"}],\"inLanguage\":\"es\"},{\"@type\":\"WebPage\",\"@id\":\"https:\/\/amcham.org.pe\/news\/inei-inflacion-en-lima-se-modero-en-agosto-pero-tasa-acumulada-llego-a-4-4\/#webpage\",\"url\":\"https:\/\/amcham.org.pe\/news\/inei-inflacion-en-lima-se-modero-en-agosto-pero-tasa-acumulada-llego-a-4-4\/\",\"name\":\"INEI: inflaci\\u00f3n en Lima se moder\\u00f3 en agosto, pero tasa acumulada lleg\\u00f3 a 4.4% - AmCham News\",\"isPartOf\":{\"@id\":\"https:\/\/amcham.org.pe\/news\/#website\"},\"datePublished\":\"2026-09-01T20:00:37+00:00\",\"dateModified\":\"2026-09-01T20:00:37+00:00\",\"author\":{\"@id\":\"https:\/\/amcham.org.pe\/news\/#\/schema\/person\/c87e67b38d12c59ee4af463f78dbe2f9\"},\"description\":\"El \\u00cdndice de Precios al Consumidor (IPC) de Lima Metropolitana aument\\u00f3 0,07% en agosto, una importante moderaci\\u00f3n frente a los avances de 0.23% y 0.29% registrados en junio y julio, respectivamente, seg\\u00fan el \\u00faltimo informe t\\u00e9cnico del Instituto Nacional de Estad\\u00edstica e Inform\\u00e1tica (INEI). Con este resultado, la inflaci\\u00f3n acumulada entre enero y agosto alcanz\\u00f3 4.2%, mientras que la variaci\\u00f3n de los \\u00faltimos doce meses se ubic\\u00f3 en 4.4%.\",\"inLanguage\":\"es\",\"potentialAction\":[{\"@type\":\"ReadAction\",\"target\":[\"https:\/\/amcham.org.pe\/news\/inei-inflacion-en-lima-se-modero-en-agosto-pero-tasa-acumulada-llego-a-4-4\/\"]}]},{\"@type\":[\"Person\"],\"@id\":\"https:\/\/amcham.org.pe\/news\/#\/schema\/person\/c87e67b38d12c59ee4af463f78dbe2f9\",\"name\":\"Administrador\"}]}<\/script>\n<!-- \/ Yoast SEO plugin. -->","_links":{"self":[{"href":"https:\/\/amcham.org.pe\/news\/wp-json\/wp\/v2\/posts\/11505","targetHints":{"allow":["GET"]}}],"collection":[{"href":"https:\/\/amcham.org.pe\/news\/wp-json\/wp\/v2\/posts"}],"about":[{"href":"https:\/\/amcham.org.pe\/news\/wp-json\/wp\/v2\/types\/post"}],"author":[{"embeddable":true,"href":"https:\/\/amcham.org.pe\/news\/wp-json\/wp\/v2\/users\/2"}],"replies":[{"embeddable":true,"href":"https:\/\/amcham.org.pe\/news\/wp-json\/wp\/v2\/comments?post=11505"}],"version-history":[{"count":1,"href":"https:\/\/amcham.org.pe\/news\/wp-json\/wp\/v2\/posts\/11505\/revisions"}],"predecessor-version":[{"id":11506,"href":"https:\/\/amcham.org.pe\/news\/wp-json\/wp\/v2\/posts\/11505\/revisions\/11506"}],"wp:attachment":[{"href":"https:\/\/amcham.org.pe\/news\/wp-json\/wp\/v2\/media?parent=11505"}],"wp:term":[{"taxonomy":"category","embeddable":true,"href":"https:\/\/amcham.org.pe\/news\/wp-json\/wp\/v2\/categories?post=11505"},{"taxonomy":"post_tag","embeddable":true,"href":"https:\/\/amcham.org.pe\/news\/wp-json\/wp\/v2\/tags?post=11505"}],"curies":[{"name":"wp","href":"https:\/\/api.w.org\/{rel}","templated":true}]}}