{"id":11528,"date":"2026-09-03T12:23:16","date_gmt":"2026-09-03T17:23:16","guid":{"rendered":"https:\/\/amcham.org.pe\/news\/?p=11528"},"modified":"2026-09-03T12:23:16","modified_gmt":"2026-09-03T17:23:16","slug":"waller-apoyaria-mantener-las-tasas-de-la-fed-si-la-inflacion-continua-moderandose-en-agosto","status":"publish","type":"post","link":"https:\/\/amcham.org.pe\/news\/waller-apoyaria-mantener-las-tasas-de-la-fed-si-la-inflacion-continua-moderandose-en-agosto\/","title":{"rendered":"Waller apoyar\u00eda mantener las tasas de la Fed si la inflaci\u00f3n contin\u00faa moder\u00e1ndose en agosto"},"content":{"rendered":"","protected":false},"excerpt":{"rendered":"","protected":false},"author":2,"featured_media":0,"comment_status":"closed","ping_status":"open","sticky":false,"template":"","format":"standard","meta":{"_acf_changed":false,"footnotes":""},"categories":[5],"tags":[395,11,589,621,187,789],"class_list":["post-11528","post","type-post","status-publish","format-standard","hentry","category-perusa","tag-amcham-peru","tag-economia","tag-fed","tag-perusa","tag-tasa-de-interes","tag-waller"],"acf":[],"yoast_head":"<!-- This site is optimized with the Yoast SEO plugin v14.5 - https:\/\/yoast.com\/wordpress\/plugins\/seo\/ -->\n<meta name=\"description\" content=\"El gobernador de la Reserva Federal (Fed), Christopher Waller, se\u00f1al\u00f3 que estar\u00eda dispuesto a mantener la tasa de inter\u00e9s sin cambios en septiembre si los pr\u00f3ximos datos confirman que la inflaci\u00f3n contin\u00faa moder\u00e1ndose. Sin embargo, advirti\u00f3 que podr\u00eda respaldar un incremento si los precios vuelven a acelerarse, dejando a la inflaci\u00f3n de agosto como uno de los indicadores determinantes para la pr\u00f3xima decisi\u00f3n del banco central.\" \/>\n<meta name=\"robots\" content=\"index, follow\" \/>\n<meta name=\"googlebot\" content=\"index, follow, max-snippet:-1, max-image-preview:large, max-video-preview:-1\" \/>\n<meta name=\"bingbot\" content=\"index, follow, max-snippet:-1, max-image-preview:large, max-video-preview:-1\" \/>\n<link rel=\"canonical\" href=\"https:\/\/amcham.org.pe\/news\/waller-apoyaria-mantener-las-tasas-de-la-fed-si-la-inflacion-continua-moderandose-en-agosto\/\" \/>\n<meta property=\"og:locale\" content=\"es_ES\" \/>\n<meta property=\"og:type\" content=\"article\" \/>\n<meta property=\"og:title\" content=\"Waller apoyar\u00eda mantener las tasas de la Fed si la inflaci\u00f3n contin\u00faa moder\u00e1ndose en agosto - AmCham News\" \/>\n<meta property=\"og:description\" content=\"El gobernador de la Reserva Federal (Fed), Christopher Waller, se\u00f1al\u00f3 que estar\u00eda dispuesto a mantener la tasa de inter\u00e9s sin cambios en septiembre si los pr\u00f3ximos datos confirman que la inflaci\u00f3n contin\u00faa moder\u00e1ndose. Sin embargo, advirti\u00f3 que podr\u00eda respaldar un incremento si los precios vuelven a acelerarse, dejando a la inflaci\u00f3n de agosto como uno de los indicadores determinantes para la pr\u00f3xima decisi\u00f3n del banco central.\" \/>\n<meta property=\"og:url\" content=\"https:\/\/amcham.org.pe\/news\/waller-apoyaria-mantener-las-tasas-de-la-fed-si-la-inflacion-continua-moderandose-en-agosto\/\" \/>\n<meta property=\"og:site_name\" content=\"AmCham News\" \/>\n<meta property=\"article:published_time\" content=\"2026-09-03T17:23:16+00:00\" \/>\n<meta property=\"og:image\" content=\"https:\/\/amcham.org.pe\/news\/wp-content\/uploads\/2023\/02\/shutterstock_134872244.jpg\" \/>\n\t<meta property=\"og:image:width\" content=\"1000\" \/>\n\t<meta property=\"og:image:height\" content=\"823\" \/>\n<meta name=\"twitter:card\" content=\"summary_large_image\" \/>\n<meta name=\"twitter:image\" content=\"https:\/\/amcham.org.pe\/news\/wp-content\/uploads\/2023\/02\/shutterstock_134872244.jpg\" \/>\n<script type=\"application\/ld+json\" class=\"yoast-schema-graph\">{\"@context\":\"https:\/\/schema.org\",\"@graph\":[{\"@type\":\"WebSite\",\"@id\":\"https:\/\/amcham.org.pe\/news\/#website\",\"url\":\"https:\/\/amcham.org.pe\/news\/\",\"name\":\"Amcham News\",\"description\":\"\",\"potentialAction\":[{\"@type\":\"SearchAction\",\"target\":\"https:\/\/amcham.org.pe\/news\/?s={search_term_string}\",\"query-input\":\"required name=search_term_string\"}],\"inLanguage\":\"es\"},{\"@type\":\"WebPage\",\"@id\":\"https:\/\/amcham.org.pe\/news\/waller-apoyaria-mantener-las-tasas-de-la-fed-si-la-inflacion-continua-moderandose-en-agosto\/#webpage\",\"url\":\"https:\/\/amcham.org.pe\/news\/waller-apoyaria-mantener-las-tasas-de-la-fed-si-la-inflacion-continua-moderandose-en-agosto\/\",\"name\":\"Waller apoyar\\u00eda mantener las tasas de la Fed si la inflaci\\u00f3n contin\\u00faa moder\\u00e1ndose en agosto - AmCham News\",\"isPartOf\":{\"@id\":\"https:\/\/amcham.org.pe\/news\/#website\"},\"datePublished\":\"2026-09-03T17:23:16+00:00\",\"dateModified\":\"2026-09-03T17:23:16+00:00\",\"author\":{\"@id\":\"https:\/\/amcham.org.pe\/news\/#\/schema\/person\/c87e67b38d12c59ee4af463f78dbe2f9\"},\"description\":\"El gobernador de la Reserva Federal (Fed), Christopher Waller, se\\u00f1al\\u00f3 que estar\\u00eda dispuesto a mantener la tasa de inter\\u00e9s sin cambios en septiembre si los pr\\u00f3ximos datos confirman que la inflaci\\u00f3n contin\\u00faa moder\\u00e1ndose. Sin embargo, advirti\\u00f3 que podr\\u00eda respaldar un incremento si los precios vuelven a acelerarse, dejando a la inflaci\\u00f3n de agosto como uno de los indicadores determinantes para la pr\\u00f3xima decisi\\u00f3n del banco central.\",\"inLanguage\":\"es\",\"potentialAction\":[{\"@type\":\"ReadAction\",\"target\":[\"https:\/\/amcham.org.pe\/news\/waller-apoyaria-mantener-las-tasas-de-la-fed-si-la-inflacion-continua-moderandose-en-agosto\/\"]}]},{\"@type\":[\"Person\"],\"@id\":\"https:\/\/amcham.org.pe\/news\/#\/schema\/person\/c87e67b38d12c59ee4af463f78dbe2f9\",\"name\":\"Administrador\"}]}<\/script>\n<!-- \/ Yoast SEO plugin. -->","_links":{"self":[{"href":"https:\/\/amcham.org.pe\/news\/wp-json\/wp\/v2\/posts\/11528","targetHints":{"allow":["GET"]}}],"collection":[{"href":"https:\/\/amcham.org.pe\/news\/wp-json\/wp\/v2\/posts"}],"about":[{"href":"https:\/\/amcham.org.pe\/news\/wp-json\/wp\/v2\/types\/post"}],"author":[{"embeddable":true,"href":"https:\/\/amcham.org.pe\/news\/wp-json\/wp\/v2\/users\/2"}],"replies":[{"embeddable":true,"href":"https:\/\/amcham.org.pe\/news\/wp-json\/wp\/v2\/comments?post=11528"}],"version-history":[{"count":1,"href":"https:\/\/amcham.org.pe\/news\/wp-json\/wp\/v2\/posts\/11528\/revisions"}],"predecessor-version":[{"id":11529,"href":"https:\/\/amcham.org.pe\/news\/wp-json\/wp\/v2\/posts\/11528\/revisions\/11529"}],"wp:attachment":[{"href":"https:\/\/amcham.org.pe\/news\/wp-json\/wp\/v2\/media?parent=11528"}],"wp:term":[{"taxonomy":"category","embeddable":true,"href":"https:\/\/amcham.org.pe\/news\/wp-json\/wp\/v2\/categories?post=11528"},{"taxonomy":"post_tag","embeddable":true,"href":"https:\/\/amcham.org.pe\/news\/wp-json\/wp\/v2\/tags?post=11528"}],"curies":[{"name":"wp","href":"https:\/\/api.w.org\/{rel}","templated":true}]}}