{"id":5284,"date":"2022-10-04T13:25:08","date_gmt":"2022-10-04T18:25:08","guid":{"rendered":"https:\/\/amcham.org.pe\/news\/?p=5284"},"modified":"2022-10-04T13:25:08","modified_gmt":"2022-10-04T18:25:08","slug":"inflacion-repunta-en-septiembre","status":"publish","type":"post","link":"https:\/\/amcham.org.pe\/news\/inflacion-repunta-en-septiembre\/","title":{"rendered":"Inflaci\u00f3n repunta en septiembre"},"content":{"rendered":"","protected":false},"excerpt":{"rendered":"","protected":false},"author":2,"featured_media":0,"comment_status":"closed","ping_status":"open","sticky":false,"template":"","format":"standard","meta":{"footnotes":""},"categories":[3],"tags":[117,125,348,451],"class_list":["post-5284","post","type-post","status-publish","format-standard","hentry","category-economia","tag-bcrp","tag-consumo","tag-inflacion","tag-precios"],"yoast_head":"<!-- This site is optimized with the Yoast SEO plugin v14.5 - https:\/\/yoast.com\/wordpress\/plugins\/seo\/ -->\n<meta name=\"description\" content=\"La inflaci\u00f3n est\u00e1 volviendo a repuntar en el Per\u00fa. Seg\u00fan el reporte de precios publicado por el INEI, el \u00edndice de precios al consumidor registr\u00f3 una tasa anual de 8.8% en el mes de septiembre. La cifra es ligeramente superior al resultado de agosto y julio lo que termina por concluir la tendencia decreciente que ven\u00eda teniendo en los \u00faltimos dos meses.\u00a0\" \/>\n<meta name=\"robots\" content=\"index, follow\" \/>\n<meta name=\"googlebot\" content=\"index, follow, max-snippet:-1, max-image-preview:large, max-video-preview:-1\" \/>\n<meta name=\"bingbot\" content=\"index, follow, max-snippet:-1, max-image-preview:large, max-video-preview:-1\" \/>\n<link rel=\"canonical\" href=\"https:\/\/amcham.org.pe\/news\/inflacion-repunta-en-septiembre\/\" \/>\n<meta property=\"og:locale\" content=\"es_ES\" \/>\n<meta property=\"og:type\" content=\"article\" \/>\n<meta property=\"og:title\" content=\"Inflaci\u00f3n repunta en septiembre - AmCham News\" \/>\n<meta property=\"og:description\" content=\"La inflaci\u00f3n est\u00e1 volviendo a repuntar en el Per\u00fa. Seg\u00fan el reporte de precios publicado por el INEI, el \u00edndice de precios al consumidor registr\u00f3 una tasa anual de 8.8% en el mes de septiembre. La cifra es ligeramente superior al resultado de agosto y julio lo que termina por concluir la tendencia decreciente que ven\u00eda teniendo en los \u00faltimos dos meses.\u00a0\" \/>\n<meta property=\"og:url\" content=\"https:\/\/amcham.org.pe\/news\/inflacion-repunta-en-septiembre\/\" \/>\n<meta property=\"og:site_name\" content=\"AmCham News\" \/>\n<meta property=\"article:published_time\" content=\"2022-10-04T18:25:08+00:00\" \/>\n<meta property=\"og:image\" content=\"https:\/\/amcham.org.pe\/news\/wp-content\/uploads\/2020\/07\/amchamiso.jpg\" \/>\n\t<meta property=\"og:image:width\" content=\"1200\" \/>\n\t<meta property=\"og:image:height\" content=\"1200\" \/>\n<meta name=\"twitter:card\" content=\"summary_large_image\" \/>\n<script type=\"application\/ld+json\" class=\"yoast-schema-graph\">{\"@context\":\"https:\/\/schema.org\",\"@graph\":[{\"@type\":\"WebSite\",\"@id\":\"https:\/\/amcham.org.pe\/news\/#website\",\"url\":\"https:\/\/amcham.org.pe\/news\/\",\"name\":\"Amcham News\",\"description\":\"\",\"potentialAction\":[{\"@type\":\"SearchAction\",\"target\":\"https:\/\/amcham.org.pe\/news\/?s={search_term_string}\",\"query-input\":\"required name=search_term_string\"}],\"inLanguage\":\"es\"},{\"@type\":\"WebPage\",\"@id\":\"https:\/\/amcham.org.pe\/news\/inflacion-repunta-en-septiembre\/#webpage\",\"url\":\"https:\/\/amcham.org.pe\/news\/inflacion-repunta-en-septiembre\/\",\"name\":\"Inflaci\\u00f3n repunta en septiembre - AmCham News\",\"isPartOf\":{\"@id\":\"https:\/\/amcham.org.pe\/news\/#website\"},\"datePublished\":\"2022-10-04T18:25:08+00:00\",\"dateModified\":\"2022-10-04T18:25:08+00:00\",\"author\":{\"@id\":\"https:\/\/amcham.org.pe\/news\/#\/schema\/person\/c87e67b38d12c59ee4af463f78dbe2f9\"},\"description\":\"La inflaci\\u00f3n est\\u00e1 volviendo a repuntar en el Per\\u00fa. Seg\\u00fan el reporte de precios publicado por el INEI, el \\u00edndice de precios al consumidor registr\\u00f3 una tasa anual de 8.8% en el mes de septiembre. La cifra es ligeramente superior al resultado de agosto y julio lo que termina por concluir la tendencia decreciente que ven\\u00eda teniendo en los \\u00faltimos dos meses.\\u00a0\",\"inLanguage\":\"es\",\"potentialAction\":[{\"@type\":\"ReadAction\",\"target\":[\"https:\/\/amcham.org.pe\/news\/inflacion-repunta-en-septiembre\/\"]}]},{\"@type\":[\"Person\"],\"@id\":\"https:\/\/amcham.org.pe\/news\/#\/schema\/person\/c87e67b38d12c59ee4af463f78dbe2f9\",\"name\":\"Administrador\"}]}<\/script>\n<!-- \/ Yoast SEO plugin. -->","_links":{"self":[{"href":"https:\/\/amcham.org.pe\/news\/wp-json\/wp\/v2\/posts\/5284","targetHints":{"allow":["GET"]}}],"collection":[{"href":"https:\/\/amcham.org.pe\/news\/wp-json\/wp\/v2\/posts"}],"about":[{"href":"https:\/\/amcham.org.pe\/news\/wp-json\/wp\/v2\/types\/post"}],"author":[{"embeddable":true,"href":"https:\/\/amcham.org.pe\/news\/wp-json\/wp\/v2\/users\/2"}],"replies":[{"embeddable":true,"href":"https:\/\/amcham.org.pe\/news\/wp-json\/wp\/v2\/comments?post=5284"}],"version-history":[{"count":2,"href":"https:\/\/amcham.org.pe\/news\/wp-json\/wp\/v2\/posts\/5284\/revisions"}],"predecessor-version":[{"id":5289,"href":"https:\/\/amcham.org.pe\/news\/wp-json\/wp\/v2\/posts\/5284\/revisions\/5289"}],"wp:attachment":[{"href":"https:\/\/amcham.org.pe\/news\/wp-json\/wp\/v2\/media?parent=5284"}],"wp:term":[{"taxonomy":"category","embeddable":true,"href":"https:\/\/amcham.org.pe\/news\/wp-json\/wp\/v2\/categories?post=5284"},{"taxonomy":"post_tag","embeddable":true,"href":"https:\/\/amcham.org.pe\/news\/wp-json\/wp\/v2\/tags?post=5284"}],"curies":[{"name":"wp","href":"https:\/\/api.w.org\/{rel}","templated":true}]}}