{"id":5631,"date":"2023-01-13T12:38:37","date_gmt":"2023-01-13T17:38:37","guid":{"rendered":"https:\/\/amcham.org.pe\/news\/?p=5631"},"modified":"2023-01-13T12:38:37","modified_gmt":"2023-01-13T17:38:37","slug":"peru-crecera-mas-que-la-region-en-el-2023-segun-el-banco-mundial","status":"publish","type":"post","link":"https:\/\/amcham.org.pe\/news\/peru-crecera-mas-que-la-region-en-el-2023-segun-el-banco-mundial\/","title":{"rendered":"Per\u00fa crecer\u00e1 m\u00e1s que la regi\u00f3n en el 2023 seg\u00fan el Banco Mundial"},"content":{"rendered":"","protected":false},"excerpt":{"rendered":"","protected":false},"author":2,"featured_media":0,"comment_status":"closed","ping_status":"open","sticky":false,"template":"","format":"standard","meta":{"footnotes":""},"categories":[3],"tags":[594,11,36,118],"class_list":["post-5631","post","type-post","status-publish","format-standard","hentry","category-economia","tag-banco-mundial","tag-economia","tag-latinoamerica","tag-perspectivas"],"yoast_head":"<!-- This site is optimized with the Yoast SEO plugin v14.5 - https:\/\/yoast.com\/wordpress\/plugins\/seo\/ -->\n<meta name=\"description\" content=\"Esta semana el Banco Mundial public\u00f3 el documento Global Economic Prospects en el que proyectan el crecimiento de la econom\u00eda mundial, las regiones y pa\u00edses para este a\u00f1o y el pr\u00f3ximo. Seg\u00fan el informe, Per\u00fa crecer\u00eda m\u00e1s que el promedio de Latinoam\u00e9rica y Caribe adem\u00e1s de Sudam\u00e9rica. El desempe\u00f1o de la econom\u00eda peruana tambi\u00e9n supera al de las grandes econom\u00edas de la zona sur de Am\u00e9rica.\" \/>\n<meta name=\"robots\" content=\"index, follow\" \/>\n<meta name=\"googlebot\" content=\"index, follow, max-snippet:-1, max-image-preview:large, max-video-preview:-1\" \/>\n<meta name=\"bingbot\" content=\"index, follow, max-snippet:-1, max-image-preview:large, max-video-preview:-1\" \/>\n<link rel=\"canonical\" href=\"https:\/\/amcham.org.pe\/news\/peru-crecera-mas-que-la-region-en-el-2023-segun-el-banco-mundial\/\" \/>\n<meta property=\"og:locale\" content=\"es_ES\" \/>\n<meta property=\"og:type\" content=\"article\" \/>\n<meta property=\"og:title\" content=\"Per\u00fa crecer\u00e1 m\u00e1s que la regi\u00f3n en el 2023 seg\u00fan el Banco Mundial - AmCham News\" \/>\n<meta property=\"og:description\" content=\"Esta semana el Banco Mundial public\u00f3 el documento Global Economic Prospects en el que proyectan el crecimiento de la econom\u00eda mundial, las regiones y pa\u00edses para este a\u00f1o y el pr\u00f3ximo. Seg\u00fan el informe, Per\u00fa crecer\u00eda m\u00e1s que el promedio de Latinoam\u00e9rica y Caribe adem\u00e1s de Sudam\u00e9rica. El desempe\u00f1o de la econom\u00eda peruana tambi\u00e9n supera al de las grandes econom\u00edas de la zona sur de Am\u00e9rica.\" \/>\n<meta property=\"og:url\" content=\"https:\/\/amcham.org.pe\/news\/peru-crecera-mas-que-la-region-en-el-2023-segun-el-banco-mundial\/\" \/>\n<meta property=\"og:site_name\" content=\"AmCham News\" \/>\n<meta property=\"article:published_time\" content=\"2023-01-13T17:38:37+00:00\" \/>\n<meta property=\"og:image\" content=\"https:\/\/amcham.org.pe\/news\/wp-content\/uploads\/2020\/07\/amchamiso.jpg\" \/>\n\t<meta property=\"og:image:width\" content=\"1200\" \/>\n\t<meta property=\"og:image:height\" content=\"1200\" \/>\n<meta name=\"twitter:card\" content=\"summary_large_image\" \/>\n<script type=\"application\/ld+json\" class=\"yoast-schema-graph\">{\"@context\":\"https:\/\/schema.org\",\"@graph\":[{\"@type\":\"WebSite\",\"@id\":\"https:\/\/amcham.org.pe\/news\/#website\",\"url\":\"https:\/\/amcham.org.pe\/news\/\",\"name\":\"Amcham News\",\"description\":\"\",\"potentialAction\":[{\"@type\":\"SearchAction\",\"target\":\"https:\/\/amcham.org.pe\/news\/?s={search_term_string}\",\"query-input\":\"required name=search_term_string\"}],\"inLanguage\":\"es\"},{\"@type\":\"WebPage\",\"@id\":\"https:\/\/amcham.org.pe\/news\/peru-crecera-mas-que-la-region-en-el-2023-segun-el-banco-mundial\/#webpage\",\"url\":\"https:\/\/amcham.org.pe\/news\/peru-crecera-mas-que-la-region-en-el-2023-segun-el-banco-mundial\/\",\"name\":\"Per\\u00fa crecer\\u00e1 m\\u00e1s que la regi\\u00f3n en el 2023 seg\\u00fan el Banco Mundial - AmCham News\",\"isPartOf\":{\"@id\":\"https:\/\/amcham.org.pe\/news\/#website\"},\"datePublished\":\"2023-01-13T17:38:37+00:00\",\"dateModified\":\"2023-01-13T17:38:37+00:00\",\"author\":{\"@id\":\"https:\/\/amcham.org.pe\/news\/#\/schema\/person\/c87e67b38d12c59ee4af463f78dbe2f9\"},\"description\":\"Esta semana el Banco Mundial public\\u00f3 el documento Global Economic Prospects en el que proyectan el crecimiento de la econom\\u00eda mundial, las regiones y pa\\u00edses para este a\\u00f1o y el pr\\u00f3ximo. Seg\\u00fan el informe, Per\\u00fa crecer\\u00eda m\\u00e1s que el promedio de Latinoam\\u00e9rica y Caribe adem\\u00e1s de Sudam\\u00e9rica. El desempe\\u00f1o de la econom\\u00eda peruana tambi\\u00e9n supera al de las grandes econom\\u00edas de la zona sur de Am\\u00e9rica.\",\"inLanguage\":\"es\",\"potentialAction\":[{\"@type\":\"ReadAction\",\"target\":[\"https:\/\/amcham.org.pe\/news\/peru-crecera-mas-que-la-region-en-el-2023-segun-el-banco-mundial\/\"]}]},{\"@type\":[\"Person\"],\"@id\":\"https:\/\/amcham.org.pe\/news\/#\/schema\/person\/c87e67b38d12c59ee4af463f78dbe2f9\",\"name\":\"Administrador\"}]}<\/script>\n<!-- \/ Yoast SEO plugin. -->","_links":{"self":[{"href":"https:\/\/amcham.org.pe\/news\/wp-json\/wp\/v2\/posts\/5631","targetHints":{"allow":["GET"]}}],"collection":[{"href":"https:\/\/amcham.org.pe\/news\/wp-json\/wp\/v2\/posts"}],"about":[{"href":"https:\/\/amcham.org.pe\/news\/wp-json\/wp\/v2\/types\/post"}],"author":[{"embeddable":true,"href":"https:\/\/amcham.org.pe\/news\/wp-json\/wp\/v2\/users\/2"}],"replies":[{"embeddable":true,"href":"https:\/\/amcham.org.pe\/news\/wp-json\/wp\/v2\/comments?post=5631"}],"version-history":[{"count":5,"href":"https:\/\/amcham.org.pe\/news\/wp-json\/wp\/v2\/posts\/5631\/revisions"}],"predecessor-version":[{"id":5638,"href":"https:\/\/amcham.org.pe\/news\/wp-json\/wp\/v2\/posts\/5631\/revisions\/5638"}],"wp:attachment":[{"href":"https:\/\/amcham.org.pe\/news\/wp-json\/wp\/v2\/media?parent=5631"}],"wp:term":[{"taxonomy":"category","embeddable":true,"href":"https:\/\/amcham.org.pe\/news\/wp-json\/wp\/v2\/categories?post=5631"},{"taxonomy":"post_tag","embeddable":true,"href":"https:\/\/amcham.org.pe\/news\/wp-json\/wp\/v2\/tags?post=5631"}],"curies":[{"name":"wp","href":"https:\/\/api.w.org\/{rel}","templated":true}]}}