{"id":7213,"date":"2023-10-23T15:56:48","date_gmt":"2023-10-23T20:56:48","guid":{"rendered":"https:\/\/amcham.org.pe\/news\/?p=7213"},"modified":"2023-10-23T15:56:48","modified_gmt":"2023-10-23T20:56:48","slug":"mef-confirma-recesion-economica-que-cifras-estan-detras-de-este-resultado","status":"publish","type":"post","link":"https:\/\/amcham.org.pe\/news\/mef-confirma-recesion-economica-que-cifras-estan-detras-de-este-resultado\/","title":{"rendered":"MEF confirma recesi\u00f3n econ\u00f3mica: \u00bfqu\u00e9 cifras est\u00e1n detr\u00e1s de este resultado?"},"content":{"rendered":"","protected":false},"excerpt":{"rendered":"","protected":false},"author":2,"featured_media":0,"comment_status":"closed","ping_status":"open","sticky":false,"template":"","format":"standard","meta":{"footnotes":""},"categories":[2],"tags":[395,11,22],"class_list":["post-7213","post","type-post","status-publish","format-standard","hentry","category-analisis","tag-amcham-peru","tag-economia","tag-pbi"],"yoast_head":"<!-- This site is optimized with the Yoast SEO plugin v14.5 - https:\/\/yoast.com\/wordpress\/plugins\/seo\/ -->\n<meta name=\"robots\" content=\"index, follow\" \/>\n<meta name=\"googlebot\" content=\"index, follow, max-snippet:-1, max-image-preview:large, max-video-preview:-1\" \/>\n<meta name=\"bingbot\" content=\"index, follow, max-snippet:-1, max-image-preview:large, max-video-preview:-1\" \/>\n<link rel=\"canonical\" href=\"https:\/\/amcham.org.pe\/news\/mef-confirma-recesion-economica-que-cifras-estan-detras-de-este-resultado\/\" \/>\n<meta property=\"og:locale\" content=\"es_ES\" \/>\n<meta property=\"og:type\" content=\"article\" \/>\n<meta property=\"og:title\" content=\"MEF confirma recesi\u00f3n econ\u00f3mica: \u00bfqu\u00e9 cifras est\u00e1n detr\u00e1s de este resultado? - AmCham News\" \/>\n<meta property=\"og:url\" content=\"https:\/\/amcham.org.pe\/news\/mef-confirma-recesion-economica-que-cifras-estan-detras-de-este-resultado\/\" \/>\n<meta property=\"og:site_name\" content=\"AmCham News\" \/>\n<meta property=\"article:published_time\" content=\"2023-10-23T20:56:48+00:00\" \/>\n<meta property=\"og:image\" content=\"https:\/\/amcham.org.pe\/news\/wp-content\/uploads\/2023\/10\/AdobeStock_49627634-1-scaled.jpeg\" \/>\n\t<meta property=\"og:image:width\" content=\"2560\" \/>\n\t<meta property=\"og:image:height\" content=\"1707\" \/>\n<meta name=\"twitter:card\" content=\"summary_large_image\" \/>\n<meta name=\"twitter:image\" content=\"https:\/\/amcham.org.pe\/news\/wp-content\/uploads\/2023\/10\/AdobeStock_49627634-1-scaled.jpeg\" \/>\n<script type=\"application\/ld+json\" class=\"yoast-schema-graph\">{\"@context\":\"https:\/\/schema.org\",\"@graph\":[{\"@type\":\"WebSite\",\"@id\":\"https:\/\/amcham.org.pe\/news\/#website\",\"url\":\"https:\/\/amcham.org.pe\/news\/\",\"name\":\"Amcham News\",\"description\":\"\",\"potentialAction\":[{\"@type\":\"SearchAction\",\"target\":\"https:\/\/amcham.org.pe\/news\/?s={search_term_string}\",\"query-input\":\"required name=search_term_string\"}],\"inLanguage\":\"es\"},{\"@type\":\"WebPage\",\"@id\":\"https:\/\/amcham.org.pe\/news\/mef-confirma-recesion-economica-que-cifras-estan-detras-de-este-resultado\/#webpage\",\"url\":\"https:\/\/amcham.org.pe\/news\/mef-confirma-recesion-economica-que-cifras-estan-detras-de-este-resultado\/\",\"name\":\"MEF confirma recesi\\u00f3n econ\\u00f3mica: \\u00bfqu\\u00e9 cifras est\\u00e1n detr\\u00e1s de este resultado? - AmCham News\",\"isPartOf\":{\"@id\":\"https:\/\/amcham.org.pe\/news\/#website\"},\"datePublished\":\"2023-10-23T20:56:48+00:00\",\"dateModified\":\"2023-10-23T20:56:48+00:00\",\"author\":{\"@id\":\"https:\/\/amcham.org.pe\/news\/#\/schema\/person\/c87e67b38d12c59ee4af463f78dbe2f9\"},\"inLanguage\":\"es\",\"potentialAction\":[{\"@type\":\"ReadAction\",\"target\":[\"https:\/\/amcham.org.pe\/news\/mef-confirma-recesion-economica-que-cifras-estan-detras-de-este-resultado\/\"]}]},{\"@type\":[\"Person\"],\"@id\":\"https:\/\/amcham.org.pe\/news\/#\/schema\/person\/c87e67b38d12c59ee4af463f78dbe2f9\",\"name\":\"Administrador\"}]}<\/script>\n<!-- \/ Yoast SEO plugin. -->","_links":{"self":[{"href":"https:\/\/amcham.org.pe\/news\/wp-json\/wp\/v2\/posts\/7213","targetHints":{"allow":["GET"]}}],"collection":[{"href":"https:\/\/amcham.org.pe\/news\/wp-json\/wp\/v2\/posts"}],"about":[{"href":"https:\/\/amcham.org.pe\/news\/wp-json\/wp\/v2\/types\/post"}],"author":[{"embeddable":true,"href":"https:\/\/amcham.org.pe\/news\/wp-json\/wp\/v2\/users\/2"}],"replies":[{"embeddable":true,"href":"https:\/\/amcham.org.pe\/news\/wp-json\/wp\/v2\/comments?post=7213"}],"version-history":[{"count":7,"href":"https:\/\/amcham.org.pe\/news\/wp-json\/wp\/v2\/posts\/7213\/revisions"}],"predecessor-version":[{"id":7226,"href":"https:\/\/amcham.org.pe\/news\/wp-json\/wp\/v2\/posts\/7213\/revisions\/7226"}],"wp:attachment":[{"href":"https:\/\/amcham.org.pe\/news\/wp-json\/wp\/v2\/media?parent=7213"}],"wp:term":[{"taxonomy":"category","embeddable":true,"href":"https:\/\/amcham.org.pe\/news\/wp-json\/wp\/v2\/categories?post=7213"},{"taxonomy":"post_tag","embeddable":true,"href":"https:\/\/amcham.org.pe\/news\/wp-json\/wp\/v2\/tags?post=7213"}],"curies":[{"name":"wp","href":"https:\/\/api.w.org\/{rel}","templated":true}]}}