{"id":7263,"date":"2023-10-31T11:25:05","date_gmt":"2023-10-31T16:25:05","guid":{"rendered":"https:\/\/amcham.org.pe\/news\/?p=7263"},"modified":"2023-10-31T11:25:05","modified_gmt":"2023-10-31T16:25:05","slug":"pesqueras-nacionales-paralizan-operaciones-en-senal-de-protesta","status":"publish","type":"post","link":"https:\/\/amcham.org.pe\/news\/pesqueras-nacionales-paralizan-operaciones-en-senal-de-protesta\/","title":{"rendered":"Pesqueras nacionales paralizan operaciones en se\u00f1al de protesta"},"content":{"rendered":"","protected":false},"excerpt":{"rendered":"","protected":false},"author":2,"featured_media":0,"comment_status":"closed","ping_status":"open","sticky":false,"template":"","format":"standard","meta":{"footnotes":""},"categories":[3],"tags":[395,11,116],"class_list":["post-7263","post","type-post","status-publish","format-standard","hentry","category-economia","tag-amcham-peru","tag-economia","tag-pesca"],"yoast_head":"<!-- This site is optimized with the Yoast SEO plugin v14.5 - https:\/\/yoast.com\/wordpress\/plugins\/seo\/ -->\n<meta name=\"description\" content=\"Hayduk, Copeinca y Pesquera Diamante, tres de las principales pesqueras del pa\u00eds, anunciaron la paralizaci\u00f3n de sus operaciones en protesta por el limitado accionar del Ministerio de Producci\u00f3n (Produce) para reactivar el sector. La paralizaci\u00f3n empez\u00f3 el lunes de esta semana en un contexto en el que la industria pesquera registrar\u00eda su peor resultado en los \u00faltimos 20 a\u00f1os.\" \/>\n<meta name=\"robots\" content=\"index, follow\" \/>\n<meta name=\"googlebot\" content=\"index, follow, max-snippet:-1, max-image-preview:large, max-video-preview:-1\" \/>\n<meta name=\"bingbot\" content=\"index, follow, max-snippet:-1, max-image-preview:large, max-video-preview:-1\" \/>\n<link rel=\"canonical\" href=\"https:\/\/amcham.org.pe\/news\/pesqueras-nacionales-paralizan-operaciones-en-senal-de-protesta\/\" \/>\n<meta property=\"og:locale\" content=\"es_ES\" \/>\n<meta property=\"og:type\" content=\"article\" \/>\n<meta property=\"og:title\" content=\"Pesqueras nacionales paralizan operaciones en se\u00f1al de protesta - AmCham News\" \/>\n<meta property=\"og:description\" content=\"Hayduk, Copeinca y Pesquera Diamante, tres de las principales pesqueras del pa\u00eds, anunciaron la paralizaci\u00f3n de sus operaciones en protesta por el limitado accionar del Ministerio de Producci\u00f3n (Produce) para reactivar el sector. La paralizaci\u00f3n empez\u00f3 el lunes de esta semana en un contexto en el que la industria pesquera registrar\u00eda su peor resultado en los \u00faltimos 20 a\u00f1os.\" \/>\n<meta property=\"og:url\" content=\"https:\/\/amcham.org.pe\/news\/pesqueras-nacionales-paralizan-operaciones-en-senal-de-protesta\/\" \/>\n<meta property=\"og:site_name\" content=\"AmCham News\" \/>\n<meta property=\"article:published_time\" content=\"2023-10-31T16:25:05+00:00\" \/>\n<meta property=\"og:image\" content=\"https:\/\/amcham.org.pe\/news\/wp-content\/uploads\/2020\/07\/AdobeStock_109071145_opt.jpg\" \/>\n\t<meta property=\"og:image:width\" content=\"1900\" \/>\n\t<meta property=\"og:image:height\" content=\"1266\" \/>\n<meta name=\"twitter:card\" content=\"summary_large_image\" \/>\n<meta name=\"twitter:image\" content=\"https:\/\/amcham.org.pe\/news\/wp-content\/uploads\/2023\/06\/shutterstock_695683522.jpg\" \/>\n<script type=\"application\/ld+json\" class=\"yoast-schema-graph\">{\"@context\":\"https:\/\/schema.org\",\"@graph\":[{\"@type\":\"WebSite\",\"@id\":\"https:\/\/amcham.org.pe\/news\/#website\",\"url\":\"https:\/\/amcham.org.pe\/news\/\",\"name\":\"Amcham News\",\"description\":\"\",\"potentialAction\":[{\"@type\":\"SearchAction\",\"target\":\"https:\/\/amcham.org.pe\/news\/?s={search_term_string}\",\"query-input\":\"required name=search_term_string\"}],\"inLanguage\":\"es\"},{\"@type\":\"WebPage\",\"@id\":\"https:\/\/amcham.org.pe\/news\/pesqueras-nacionales-paralizan-operaciones-en-senal-de-protesta\/#webpage\",\"url\":\"https:\/\/amcham.org.pe\/news\/pesqueras-nacionales-paralizan-operaciones-en-senal-de-protesta\/\",\"name\":\"Pesqueras nacionales paralizan operaciones en se\\u00f1al de protesta - AmCham News\",\"isPartOf\":{\"@id\":\"https:\/\/amcham.org.pe\/news\/#website\"},\"datePublished\":\"2023-10-31T16:25:05+00:00\",\"dateModified\":\"2023-10-31T16:25:05+00:00\",\"author\":{\"@id\":\"https:\/\/amcham.org.pe\/news\/#\/schema\/person\/c87e67b38d12c59ee4af463f78dbe2f9\"},\"description\":\"Hayduk, Copeinca y Pesquera Diamante, tres de las principales pesqueras del pa\\u00eds, anunciaron la paralizaci\\u00f3n de sus operaciones en protesta por el limitado accionar del Ministerio de Producci\\u00f3n (Produce) para reactivar el sector. La paralizaci\\u00f3n empez\\u00f3 el lunes de esta semana en un contexto en el que la industria pesquera registrar\\u00eda su peor resultado en los \\u00faltimos 20 a\\u00f1os.\",\"inLanguage\":\"es\",\"potentialAction\":[{\"@type\":\"ReadAction\",\"target\":[\"https:\/\/amcham.org.pe\/news\/pesqueras-nacionales-paralizan-operaciones-en-senal-de-protesta\/\"]}]},{\"@type\":[\"Person\"],\"@id\":\"https:\/\/amcham.org.pe\/news\/#\/schema\/person\/c87e67b38d12c59ee4af463f78dbe2f9\",\"name\":\"Administrador\"}]}<\/script>\n<!-- \/ Yoast SEO plugin. -->","_links":{"self":[{"href":"https:\/\/amcham.org.pe\/news\/wp-json\/wp\/v2\/posts\/7263","targetHints":{"allow":["GET"]}}],"collection":[{"href":"https:\/\/amcham.org.pe\/news\/wp-json\/wp\/v2\/posts"}],"about":[{"href":"https:\/\/amcham.org.pe\/news\/wp-json\/wp\/v2\/types\/post"}],"author":[{"embeddable":true,"href":"https:\/\/amcham.org.pe\/news\/wp-json\/wp\/v2\/users\/2"}],"replies":[{"embeddable":true,"href":"https:\/\/amcham.org.pe\/news\/wp-json\/wp\/v2\/comments?post=7263"}],"version-history":[{"count":3,"href":"https:\/\/amcham.org.pe\/news\/wp-json\/wp\/v2\/posts\/7263\/revisions"}],"predecessor-version":[{"id":7266,"href":"https:\/\/amcham.org.pe\/news\/wp-json\/wp\/v2\/posts\/7263\/revisions\/7266"}],"wp:attachment":[{"href":"https:\/\/amcham.org.pe\/news\/wp-json\/wp\/v2\/media?parent=7263"}],"wp:term":[{"taxonomy":"category","embeddable":true,"href":"https:\/\/amcham.org.pe\/news\/wp-json\/wp\/v2\/categories?post=7263"},{"taxonomy":"post_tag","embeddable":true,"href":"https:\/\/amcham.org.pe\/news\/wp-json\/wp\/v2\/tags?post=7263"}],"curies":[{"name":"wp","href":"https:\/\/api.w.org\/{rel}","templated":true}]}}