{"id":7803,"date":"2024-03-08T11:02:35","date_gmt":"2024-03-08T16:02:35","guid":{"rendered":"https:\/\/amcham.org.pe\/news\/?p=7803"},"modified":"2024-03-08T11:02:35","modified_gmt":"2024-03-08T16:02:35","slug":"bcrp-expectativas-empresariales-mejoraron-en-febrero","status":"publish","type":"post","link":"https:\/\/amcham.org.pe\/news\/bcrp-expectativas-empresariales-mejoraron-en-febrero\/","title":{"rendered":"BCRP: expectativas empresariales mejoraron en febrero"},"content":{"rendered":"","protected":false},"excerpt":{"rendered":"","protected":false},"author":2,"featured_media":0,"comment_status":"closed","ping_status":"open","sticky":false,"template":"","format":"standard","meta":{"footnotes":""},"categories":[3],"tags":[395,117,11,139],"class_list":["post-7803","post","type-post","status-publish","format-standard","hentry","category-economia","tag-amcham-peru","tag-bcrp","tag-economia","tag-expectativas"],"yoast_head":"<!-- This site is optimized with the Yoast SEO plugin v14.5 - https:\/\/yoast.com\/wordpress\/plugins\/seo\/ -->\n<meta name=\"description\" content=\"Los indicadores de expectativas empresariales mejoraron en febrero seg\u00fan la \u00faltima encuesta del Banco Central de la Reserva del Per\u00fa (BCRP). Los 18 indicadores \u2014que miden expectativas sobre la econom\u00eda, el sector, la situaci\u00f3n de la empresa a diferentes plazos de tiempo\u2014 aumentaron y ocho de ellos se ubicaron en el terreno positivo.\u00a0\" \/>\n<meta name=\"robots\" content=\"index, follow\" \/>\n<meta name=\"googlebot\" content=\"index, follow, max-snippet:-1, max-image-preview:large, max-video-preview:-1\" \/>\n<meta name=\"bingbot\" content=\"index, follow, max-snippet:-1, max-image-preview:large, max-video-preview:-1\" \/>\n<link rel=\"canonical\" href=\"https:\/\/amcham.org.pe\/news\/bcrp-expectativas-empresariales-mejoraron-en-febrero\/\" \/>\n<meta property=\"og:locale\" content=\"es_ES\" \/>\n<meta property=\"og:type\" content=\"article\" \/>\n<meta property=\"og:title\" content=\"BCRP: expectativas empresariales mejoraron en febrero - AmCham News\" \/>\n<meta property=\"og:description\" content=\"Los indicadores de expectativas empresariales mejoraron en febrero seg\u00fan la \u00faltima encuesta del Banco Central de la Reserva del Per\u00fa (BCRP). Los 18 indicadores \u2014que miden expectativas sobre la econom\u00eda, el sector, la situaci\u00f3n de la empresa a diferentes plazos de tiempo\u2014 aumentaron y ocho de ellos se ubicaron en el terreno positivo.\u00a0\" \/>\n<meta property=\"og:url\" content=\"https:\/\/amcham.org.pe\/news\/bcrp-expectativas-empresariales-mejoraron-en-febrero\/\" \/>\n<meta property=\"og:site_name\" content=\"AmCham News\" \/>\n<meta property=\"article:published_time\" content=\"2024-03-08T16:02:35+00:00\" \/>\n<meta property=\"og:image\" content=\"https:\/\/amcham.org.pe\/news\/wp-content\/uploads\/2023\/06\/shutterstock_1072754630.jpg\" \/>\n\t<meta property=\"og:image:width\" content=\"1000\" \/>\n\t<meta property=\"og:image:height\" content=\"666\" \/>\n<meta name=\"twitter:card\" content=\"summary_large_image\" \/>\n<meta name=\"twitter:image\" content=\"https:\/\/amcham.org.pe\/news\/wp-content\/uploads\/2023\/06\/shutterstock_1072754630.jpg\" \/>\n<script type=\"application\/ld+json\" class=\"yoast-schema-graph\">{\"@context\":\"https:\/\/schema.org\",\"@graph\":[{\"@type\":\"WebSite\",\"@id\":\"https:\/\/amcham.org.pe\/news\/#website\",\"url\":\"https:\/\/amcham.org.pe\/news\/\",\"name\":\"Amcham News\",\"description\":\"\",\"potentialAction\":[{\"@type\":\"SearchAction\",\"target\":\"https:\/\/amcham.org.pe\/news\/?s={search_term_string}\",\"query-input\":\"required name=search_term_string\"}],\"inLanguage\":\"es\"},{\"@type\":\"WebPage\",\"@id\":\"https:\/\/amcham.org.pe\/news\/bcrp-expectativas-empresariales-mejoraron-en-febrero\/#webpage\",\"url\":\"https:\/\/amcham.org.pe\/news\/bcrp-expectativas-empresariales-mejoraron-en-febrero\/\",\"name\":\"BCRP: expectativas empresariales mejoraron en febrero - AmCham News\",\"isPartOf\":{\"@id\":\"https:\/\/amcham.org.pe\/news\/#website\"},\"datePublished\":\"2024-03-08T16:02:35+00:00\",\"dateModified\":\"2024-03-08T16:02:35+00:00\",\"author\":{\"@id\":\"https:\/\/amcham.org.pe\/news\/#\/schema\/person\/c87e67b38d12c59ee4af463f78dbe2f9\"},\"description\":\"Los indicadores de expectativas empresariales mejoraron en febrero seg\\u00fan la \\u00faltima encuesta del Banco Central de la Reserva del Per\\u00fa (BCRP). Los 18 indicadores \\u2014que miden expectativas sobre la econom\\u00eda, el sector, la situaci\\u00f3n de la empresa a diferentes plazos de tiempo\\u2014 aumentaron y ocho de ellos se ubicaron en el terreno positivo.\\u00a0\",\"inLanguage\":\"es\",\"potentialAction\":[{\"@type\":\"ReadAction\",\"target\":[\"https:\/\/amcham.org.pe\/news\/bcrp-expectativas-empresariales-mejoraron-en-febrero\/\"]}]},{\"@type\":[\"Person\"],\"@id\":\"https:\/\/amcham.org.pe\/news\/#\/schema\/person\/c87e67b38d12c59ee4af463f78dbe2f9\",\"name\":\"Administrador\"}]}<\/script>\n<!-- \/ Yoast SEO plugin. -->","_links":{"self":[{"href":"https:\/\/amcham.org.pe\/news\/wp-json\/wp\/v2\/posts\/7803","targetHints":{"allow":["GET"]}}],"collection":[{"href":"https:\/\/amcham.org.pe\/news\/wp-json\/wp\/v2\/posts"}],"about":[{"href":"https:\/\/amcham.org.pe\/news\/wp-json\/wp\/v2\/types\/post"}],"author":[{"embeddable":true,"href":"https:\/\/amcham.org.pe\/news\/wp-json\/wp\/v2\/users\/2"}],"replies":[{"embeddable":true,"href":"https:\/\/amcham.org.pe\/news\/wp-json\/wp\/v2\/comments?post=7803"}],"version-history":[{"count":1,"href":"https:\/\/amcham.org.pe\/news\/wp-json\/wp\/v2\/posts\/7803\/revisions"}],"predecessor-version":[{"id":7804,"href":"https:\/\/amcham.org.pe\/news\/wp-json\/wp\/v2\/posts\/7803\/revisions\/7804"}],"wp:attachment":[{"href":"https:\/\/amcham.org.pe\/news\/wp-json\/wp\/v2\/media?parent=7803"}],"wp:term":[{"taxonomy":"category","embeddable":true,"href":"https:\/\/amcham.org.pe\/news\/wp-json\/wp\/v2\/categories?post=7803"},{"taxonomy":"post_tag","embeddable":true,"href":"https:\/\/amcham.org.pe\/news\/wp-json\/wp\/v2\/tags?post=7803"}],"curies":[{"name":"wp","href":"https:\/\/api.w.org\/{rel}","templated":true}]}}