{"id":7912,"date":"2024-04-05T14:52:03","date_gmt":"2024-04-05T19:52:03","guid":{"rendered":"https:\/\/amcham.org.pe\/news\/?p=7912"},"modified":"2024-04-08T09:46:04","modified_gmt":"2024-04-08T14:46:04","slug":"bcrp-expectativas-empresariales-a-corto-plazo-entraron-a-tramo-optimista-en-marzo","status":"publish","type":"post","link":"https:\/\/amcham.org.pe\/news\/bcrp-expectativas-empresariales-a-corto-plazo-entraron-a-tramo-optimista-en-marzo\/","title":{"rendered":"BCRP: expectativas empresariales a corto plazo regresaron a tramo optimista luego de tres a\u00f1os"},"content":{"rendered":"","protected":false},"excerpt":{"rendered":"","protected":false},"author":2,"featured_media":0,"comment_status":"closed","ping_status":"open","sticky":false,"template":"","format":"standard","meta":{"footnotes":""},"categories":[3],"tags":[395,117,660,11],"class_list":["post-7912","post","type-post","status-publish","format-standard","hentry","category-economia","tag-amcham-peru","tag-bcrp","tag-confianza-empresarial","tag-economia"],"yoast_head":"<!-- This site is optimized with the Yoast SEO plugin v14.5 - https:\/\/yoast.com\/wordpress\/plugins\/seo\/ -->\n<meta name=\"description\" content=\"Las expectativas empresariales a corto plazo volvieron a mejorar en marzo. Seg\u00fan el reporte semanal del Banco Central de la Reserva del Per\u00fa (BCRP), los seis indicadores \u2014sobre la econom\u00eda, el sector, la situaci\u00f3n de la empresa, demanda, contrataci\u00f3n de personal e inversi\u00f3n\u2014 que miden las expectativas empresariales a tres meses se encontraron en tramo optimista.\" \/>\n<meta name=\"robots\" content=\"index, follow\" \/>\n<meta name=\"googlebot\" content=\"index, follow, max-snippet:-1, max-image-preview:large, max-video-preview:-1\" \/>\n<meta name=\"bingbot\" content=\"index, follow, max-snippet:-1, max-image-preview:large, max-video-preview:-1\" \/>\n<link rel=\"canonical\" href=\"https:\/\/amcham.org.pe\/news\/bcrp-expectativas-empresariales-a-corto-plazo-entraron-a-tramo-optimista-en-marzo\/\" \/>\n<meta property=\"og:locale\" content=\"es_ES\" \/>\n<meta property=\"og:type\" content=\"article\" \/>\n<meta property=\"og:title\" content=\"BCRP: expectativas empresariales a corto plazo regresaron a tramo optimista luego de tres a\u00f1os - AmCham News\" \/>\n<meta property=\"og:description\" content=\"Las expectativas empresariales a corto plazo volvieron a mejorar en marzo. Seg\u00fan el reporte semanal del Banco Central de la Reserva del Per\u00fa (BCRP), los seis indicadores \u2014sobre la econom\u00eda, el sector, la situaci\u00f3n de la empresa, demanda, contrataci\u00f3n de personal e inversi\u00f3n\u2014 que miden las expectativas empresariales a tres meses se encontraron en tramo optimista.\" \/>\n<meta property=\"og:url\" content=\"https:\/\/amcham.org.pe\/news\/bcrp-expectativas-empresariales-a-corto-plazo-entraron-a-tramo-optimista-en-marzo\/\" \/>\n<meta property=\"og:site_name\" content=\"AmCham News\" \/>\n<meta property=\"article:published_time\" content=\"2024-04-05T19:52:03+00:00\" \/>\n<meta property=\"article:modified_time\" content=\"2024-04-08T14:46:04+00:00\" \/>\n<meta property=\"og:image\" content=\"https:\/\/amcham.org.pe\/news\/wp-content\/uploads\/2023\/06\/shutterstock_1072754630.jpg\" \/>\n\t<meta property=\"og:image:width\" content=\"1000\" \/>\n\t<meta property=\"og:image:height\" content=\"666\" \/>\n<meta name=\"twitter:card\" content=\"summary_large_image\" \/>\n<meta name=\"twitter:image\" content=\"https:\/\/amcham.org.pe\/news\/wp-content\/uploads\/2020\/08\/BCRP.jpg\" \/>\n<script type=\"application\/ld+json\" class=\"yoast-schema-graph\">{\"@context\":\"https:\/\/schema.org\",\"@graph\":[{\"@type\":\"WebSite\",\"@id\":\"https:\/\/amcham.org.pe\/news\/#website\",\"url\":\"https:\/\/amcham.org.pe\/news\/\",\"name\":\"Amcham News\",\"description\":\"\",\"potentialAction\":[{\"@type\":\"SearchAction\",\"target\":\"https:\/\/amcham.org.pe\/news\/?s={search_term_string}\",\"query-input\":\"required name=search_term_string\"}],\"inLanguage\":\"es\"},{\"@type\":\"WebPage\",\"@id\":\"https:\/\/amcham.org.pe\/news\/bcrp-expectativas-empresariales-a-corto-plazo-entraron-a-tramo-optimista-en-marzo\/#webpage\",\"url\":\"https:\/\/amcham.org.pe\/news\/bcrp-expectativas-empresariales-a-corto-plazo-entraron-a-tramo-optimista-en-marzo\/\",\"name\":\"BCRP: expectativas empresariales a corto plazo regresaron a tramo optimista luego de tres a\\u00f1os - AmCham News\",\"isPartOf\":{\"@id\":\"https:\/\/amcham.org.pe\/news\/#website\"},\"datePublished\":\"2024-04-05T19:52:03+00:00\",\"dateModified\":\"2024-04-08T14:46:04+00:00\",\"author\":{\"@id\":\"https:\/\/amcham.org.pe\/news\/#\/schema\/person\/c87e67b38d12c59ee4af463f78dbe2f9\"},\"description\":\"Las expectativas empresariales a corto plazo volvieron a mejorar en marzo. Seg\\u00fan el reporte semanal del Banco Central de la Reserva del Per\\u00fa (BCRP), los seis indicadores \\u2014sobre la econom\\u00eda, el sector, la situaci\\u00f3n de la empresa, demanda, contrataci\\u00f3n de personal e inversi\\u00f3n\\u2014 que miden las expectativas empresariales a tres meses se encontraron en tramo optimista.\",\"inLanguage\":\"es\",\"potentialAction\":[{\"@type\":\"ReadAction\",\"target\":[\"https:\/\/amcham.org.pe\/news\/bcrp-expectativas-empresariales-a-corto-plazo-entraron-a-tramo-optimista-en-marzo\/\"]}]},{\"@type\":[\"Person\"],\"@id\":\"https:\/\/amcham.org.pe\/news\/#\/schema\/person\/c87e67b38d12c59ee4af463f78dbe2f9\",\"name\":\"Administrador\"}]}<\/script>\n<!-- \/ Yoast SEO plugin. -->","_links":{"self":[{"href":"https:\/\/amcham.org.pe\/news\/wp-json\/wp\/v2\/posts\/7912","targetHints":{"allow":["GET"]}}],"collection":[{"href":"https:\/\/amcham.org.pe\/news\/wp-json\/wp\/v2\/posts"}],"about":[{"href":"https:\/\/amcham.org.pe\/news\/wp-json\/wp\/v2\/types\/post"}],"author":[{"embeddable":true,"href":"https:\/\/amcham.org.pe\/news\/wp-json\/wp\/v2\/users\/2"}],"replies":[{"embeddable":true,"href":"https:\/\/amcham.org.pe\/news\/wp-json\/wp\/v2\/comments?post=7912"}],"version-history":[{"count":4,"href":"https:\/\/amcham.org.pe\/news\/wp-json\/wp\/v2\/posts\/7912\/revisions"}],"predecessor-version":[{"id":7916,"href":"https:\/\/amcham.org.pe\/news\/wp-json\/wp\/v2\/posts\/7912\/revisions\/7916"}],"wp:attachment":[{"href":"https:\/\/amcham.org.pe\/news\/wp-json\/wp\/v2\/media?parent=7912"}],"wp:term":[{"taxonomy":"category","embeddable":true,"href":"https:\/\/amcham.org.pe\/news\/wp-json\/wp\/v2\/categories?post=7912"},{"taxonomy":"post_tag","embeddable":true,"href":"https:\/\/amcham.org.pe\/news\/wp-json\/wp\/v2\/tags?post=7912"}],"curies":[{"name":"wp","href":"https:\/\/api.w.org\/{rel}","templated":true}]}}