{"id":8050,"date":"2024-05-06T10:37:47","date_gmt":"2024-05-06T15:37:47","guid":{"rendered":"https:\/\/amcham.org.pe\/news\/?p=8050"},"modified":"2024-05-06T10:37:47","modified_gmt":"2024-05-06T15:37:47","slug":"bcrp-expectativas-empresariales-retrocedieron-a-corto-plazo-pero-mayoria-se-mantuvieron-en-terreno-optimista","status":"publish","type":"post","link":"https:\/\/amcham.org.pe\/news\/bcrp-expectativas-empresariales-retrocedieron-a-corto-plazo-pero-mayoria-se-mantuvieron-en-terreno-optimista\/","title":{"rendered":"BCRP: expectativas empresariales retrocedieron a corto plazo pero mayor\u00eda se mantuvieron en terreno optimista"},"content":{"rendered":"","protected":false},"excerpt":{"rendered":"","protected":false},"author":2,"featured_media":0,"comment_status":"closed","ping_status":"open","sticky":false,"template":"","format":"standard","meta":{"footnotes":""},"categories":[3],"tags":[395,117,11,139],"class_list":["post-8050","post","type-post","status-publish","format-standard","hentry","category-economia","tag-amcham-peru","tag-bcrp","tag-economia","tag-expectativas"],"yoast_head":"<!-- This site is optimized with the Yoast SEO plugin v14.5 - https:\/\/yoast.com\/wordpress\/plugins\/seo\/ -->\n<meta name=\"description\" content=\"Las expectativas empresariales a 3 meses retrocedieron en abril seg\u00fan los \u00faltimos resultados de la encuesta de expectativas macroecon\u00f3micas, elaborada por el Banco Central de la Reserva del Per\u00fa (BCRP). Pese a la ca\u00edda, la gran mayor\u00eda de indicadores se mantuvieron en terreno positivo.\" \/>\n<meta name=\"robots\" content=\"index, follow\" \/>\n<meta name=\"googlebot\" content=\"index, follow, max-snippet:-1, max-image-preview:large, max-video-preview:-1\" \/>\n<meta name=\"bingbot\" content=\"index, follow, max-snippet:-1, max-image-preview:large, max-video-preview:-1\" \/>\n<link rel=\"canonical\" href=\"https:\/\/amcham.org.pe\/news\/bcrp-expectativas-empresariales-retrocedieron-a-corto-plazo-pero-mayoria-se-mantuvieron-en-terreno-optimista\/\" \/>\n<meta property=\"og:locale\" content=\"es_ES\" \/>\n<meta property=\"og:type\" content=\"article\" \/>\n<meta property=\"og:title\" content=\"BCRP: expectativas empresariales retrocedieron a corto plazo pero mayor\u00eda se mantuvieron en terreno optimista - AmCham News\" \/>\n<meta property=\"og:description\" content=\"Las expectativas empresariales a 3 meses retrocedieron en abril seg\u00fan los \u00faltimos resultados de la encuesta de expectativas macroecon\u00f3micas, elaborada por el Banco Central de la Reserva del Per\u00fa (BCRP). Pese a la ca\u00edda, la gran mayor\u00eda de indicadores se mantuvieron en terreno positivo.\" \/>\n<meta property=\"og:url\" content=\"https:\/\/amcham.org.pe\/news\/bcrp-expectativas-empresariales-retrocedieron-a-corto-plazo-pero-mayoria-se-mantuvieron-en-terreno-optimista\/\" \/>\n<meta property=\"og:site_name\" content=\"AmCham News\" \/>\n<meta property=\"article:published_time\" content=\"2024-05-06T15:37:47+00:00\" \/>\n<meta property=\"og:image\" content=\"https:\/\/amcham.org.pe\/news\/wp-content\/uploads\/2020\/08\/BCRP.jpg\" \/>\n\t<meta property=\"og:image:width\" content=\"1800\" \/>\n\t<meta property=\"og:image:height\" content=\"1012\" \/>\n<meta name=\"twitter:card\" content=\"summary_large_image\" \/>\n<meta name=\"twitter:image\" content=\"https:\/\/amcham.org.pe\/news\/wp-content\/uploads\/2020\/08\/BCRP.jpg\" \/>\n<script type=\"application\/ld+json\" class=\"yoast-schema-graph\">{\"@context\":\"https:\/\/schema.org\",\"@graph\":[{\"@type\":\"WebSite\",\"@id\":\"https:\/\/amcham.org.pe\/news\/#website\",\"url\":\"https:\/\/amcham.org.pe\/news\/\",\"name\":\"Amcham News\",\"description\":\"\",\"potentialAction\":[{\"@type\":\"SearchAction\",\"target\":\"https:\/\/amcham.org.pe\/news\/?s={search_term_string}\",\"query-input\":\"required name=search_term_string\"}],\"inLanguage\":\"es\"},{\"@type\":\"WebPage\",\"@id\":\"https:\/\/amcham.org.pe\/news\/bcrp-expectativas-empresariales-retrocedieron-a-corto-plazo-pero-mayoria-se-mantuvieron-en-terreno-optimista\/#webpage\",\"url\":\"https:\/\/amcham.org.pe\/news\/bcrp-expectativas-empresariales-retrocedieron-a-corto-plazo-pero-mayoria-se-mantuvieron-en-terreno-optimista\/\",\"name\":\"BCRP: expectativas empresariales retrocedieron a corto plazo pero mayor\\u00eda se mantuvieron en terreno optimista - AmCham News\",\"isPartOf\":{\"@id\":\"https:\/\/amcham.org.pe\/news\/#website\"},\"datePublished\":\"2024-05-06T15:37:47+00:00\",\"dateModified\":\"2024-05-06T15:37:47+00:00\",\"author\":{\"@id\":\"https:\/\/amcham.org.pe\/news\/#\/schema\/person\/c87e67b38d12c59ee4af463f78dbe2f9\"},\"description\":\"Las expectativas empresariales a 3 meses retrocedieron en abril seg\\u00fan los \\u00faltimos resultados de la encuesta de expectativas macroecon\\u00f3micas, elaborada por el Banco Central de la Reserva del Per\\u00fa (BCRP). Pese a la ca\\u00edda, la gran mayor\\u00eda de indicadores se mantuvieron en terreno positivo.\",\"inLanguage\":\"es\",\"potentialAction\":[{\"@type\":\"ReadAction\",\"target\":[\"https:\/\/amcham.org.pe\/news\/bcrp-expectativas-empresariales-retrocedieron-a-corto-plazo-pero-mayoria-se-mantuvieron-en-terreno-optimista\/\"]}]},{\"@type\":[\"Person\"],\"@id\":\"https:\/\/amcham.org.pe\/news\/#\/schema\/person\/c87e67b38d12c59ee4af463f78dbe2f9\",\"name\":\"Administrador\"}]}<\/script>\n<!-- \/ Yoast SEO plugin. -->","_links":{"self":[{"href":"https:\/\/amcham.org.pe\/news\/wp-json\/wp\/v2\/posts\/8050","targetHints":{"allow":["GET"]}}],"collection":[{"href":"https:\/\/amcham.org.pe\/news\/wp-json\/wp\/v2\/posts"}],"about":[{"href":"https:\/\/amcham.org.pe\/news\/wp-json\/wp\/v2\/types\/post"}],"author":[{"embeddable":true,"href":"https:\/\/amcham.org.pe\/news\/wp-json\/wp\/v2\/users\/2"}],"replies":[{"embeddable":true,"href":"https:\/\/amcham.org.pe\/news\/wp-json\/wp\/v2\/comments?post=8050"}],"version-history":[{"count":3,"href":"https:\/\/amcham.org.pe\/news\/wp-json\/wp\/v2\/posts\/8050\/revisions"}],"predecessor-version":[{"id":8053,"href":"https:\/\/amcham.org.pe\/news\/wp-json\/wp\/v2\/posts\/8050\/revisions\/8053"}],"wp:attachment":[{"href":"https:\/\/amcham.org.pe\/news\/wp-json\/wp\/v2\/media?parent=8050"}],"wp:term":[{"taxonomy":"category","embeddable":true,"href":"https:\/\/amcham.org.pe\/news\/wp-json\/wp\/v2\/categories?post=8050"},{"taxonomy":"post_tag","embeddable":true,"href":"https:\/\/amcham.org.pe\/news\/wp-json\/wp\/v2\/tags?post=8050"}],"curies":[{"name":"wp","href":"https:\/\/api.w.org\/{rel}","templated":true}]}}