{"id":8250,"date":"2024-06-11T11:37:01","date_gmt":"2024-06-11T16:37:01","guid":{"rendered":"https:\/\/amcham.org.pe\/news\/?p=8250"},"modified":"2024-06-11T11:37:01","modified_gmt":"2024-06-11T16:37:01","slug":"bcrp-expectativas-empresariales-a-corto-plazo-retrocedieron-en-mayo","status":"publish","type":"post","link":"https:\/\/amcham.org.pe\/news\/bcrp-expectativas-empresariales-a-corto-plazo-retrocedieron-en-mayo\/","title":{"rendered":"BCRP: expectativas empresariales a corto plazo retrocedieron en mayo"},"content":{"rendered":"","protected":false},"excerpt":{"rendered":"","protected":false},"author":2,"featured_media":0,"comment_status":"closed","ping_status":"open","sticky":false,"template":"","format":"standard","meta":{"footnotes":""},"categories":[3],"tags":[395,117,11,139],"class_list":["post-8250","post","type-post","status-publish","format-standard","hentry","category-economia","tag-amcham-peru","tag-bcrp","tag-economia","tag-expectativas"],"yoast_head":"<!-- This site is optimized with the Yoast SEO plugin v14.5 - https:\/\/yoast.com\/wordpress\/plugins\/seo\/ -->\n<meta name=\"description\" content=\"Las expectativas empresariales se volvieron a deteriorar en mayo seg\u00fan los resultados de la \u00faltima Encuesta de Expectativas Macroecon\u00f3micas realizado por el Banco Central de la Reserva del Per\u00fa (BCRP). La reducci\u00f3n se dio en las expectativas a tres meses mientras que algunos indicadores sobre la situaci\u00f3n actual vieron alguna mejora. A largo plazo, los resultados se mantuvieron en el tramo optimista.\u00a0\" \/>\n<meta name=\"robots\" content=\"index, follow\" \/>\n<meta name=\"googlebot\" content=\"index, follow, max-snippet:-1, max-image-preview:large, max-video-preview:-1\" \/>\n<meta name=\"bingbot\" content=\"index, follow, max-snippet:-1, max-image-preview:large, max-video-preview:-1\" \/>\n<link rel=\"canonical\" href=\"https:\/\/amcham.org.pe\/news\/bcrp-expectativas-empresariales-a-corto-plazo-retrocedieron-en-mayo\/\" \/>\n<meta property=\"og:locale\" content=\"es_ES\" \/>\n<meta property=\"og:type\" content=\"article\" \/>\n<meta property=\"og:title\" content=\"BCRP: expectativas empresariales a corto plazo retrocedieron en mayo - AmCham News\" \/>\n<meta property=\"og:description\" content=\"Las expectativas empresariales se volvieron a deteriorar en mayo seg\u00fan los resultados de la \u00faltima Encuesta de Expectativas Macroecon\u00f3micas realizado por el Banco Central de la Reserva del Per\u00fa (BCRP). La reducci\u00f3n se dio en las expectativas a tres meses mientras que algunos indicadores sobre la situaci\u00f3n actual vieron alguna mejora. A largo plazo, los resultados se mantuvieron en el tramo optimista.\u00a0\" \/>\n<meta property=\"og:url\" content=\"https:\/\/amcham.org.pe\/news\/bcrp-expectativas-empresariales-a-corto-plazo-retrocedieron-en-mayo\/\" \/>\n<meta property=\"og:site_name\" content=\"AmCham News\" \/>\n<meta property=\"article:published_time\" content=\"2024-06-11T16:37:01+00:00\" \/>\n<meta property=\"og:image\" content=\"https:\/\/amcham.org.pe\/news\/wp-content\/uploads\/2020\/08\/BCRP.jpg\" \/>\n\t<meta property=\"og:image:width\" content=\"1800\" \/>\n\t<meta property=\"og:image:height\" content=\"1012\" \/>\n<meta name=\"twitter:card\" content=\"summary_large_image\" \/>\n<meta name=\"twitter:image\" content=\"https:\/\/amcham.org.pe\/news\/wp-content\/uploads\/2020\/08\/BCRP.jpg\" \/>\n<script type=\"application\/ld+json\" class=\"yoast-schema-graph\">{\"@context\":\"https:\/\/schema.org\",\"@graph\":[{\"@type\":\"WebSite\",\"@id\":\"https:\/\/amcham.org.pe\/news\/#website\",\"url\":\"https:\/\/amcham.org.pe\/news\/\",\"name\":\"Amcham News\",\"description\":\"\",\"potentialAction\":[{\"@type\":\"SearchAction\",\"target\":\"https:\/\/amcham.org.pe\/news\/?s={search_term_string}\",\"query-input\":\"required name=search_term_string\"}],\"inLanguage\":\"es\"},{\"@type\":\"WebPage\",\"@id\":\"https:\/\/amcham.org.pe\/news\/bcrp-expectativas-empresariales-a-corto-plazo-retrocedieron-en-mayo\/#webpage\",\"url\":\"https:\/\/amcham.org.pe\/news\/bcrp-expectativas-empresariales-a-corto-plazo-retrocedieron-en-mayo\/\",\"name\":\"BCRP: expectativas empresariales a corto plazo retrocedieron en mayo - AmCham News\",\"isPartOf\":{\"@id\":\"https:\/\/amcham.org.pe\/news\/#website\"},\"datePublished\":\"2024-06-11T16:37:01+00:00\",\"dateModified\":\"2024-06-11T16:37:01+00:00\",\"author\":{\"@id\":\"https:\/\/amcham.org.pe\/news\/#\/schema\/person\/c87e67b38d12c59ee4af463f78dbe2f9\"},\"description\":\"Las expectativas empresariales se volvieron a deteriorar en mayo seg\\u00fan los resultados de la \\u00faltima Encuesta de Expectativas Macroecon\\u00f3micas realizado por el Banco Central de la Reserva del Per\\u00fa (BCRP). La reducci\\u00f3n se dio en las expectativas a tres meses mientras que algunos indicadores sobre la situaci\\u00f3n actual vieron alguna mejora. A largo plazo, los resultados se mantuvieron en el tramo optimista.\\u00a0\",\"inLanguage\":\"es\",\"potentialAction\":[{\"@type\":\"ReadAction\",\"target\":[\"https:\/\/amcham.org.pe\/news\/bcrp-expectativas-empresariales-a-corto-plazo-retrocedieron-en-mayo\/\"]}]},{\"@type\":[\"Person\"],\"@id\":\"https:\/\/amcham.org.pe\/news\/#\/schema\/person\/c87e67b38d12c59ee4af463f78dbe2f9\",\"name\":\"Administrador\"}]}<\/script>\n<!-- \/ Yoast SEO plugin. -->","_links":{"self":[{"href":"https:\/\/amcham.org.pe\/news\/wp-json\/wp\/v2\/posts\/8250","targetHints":{"allow":["GET"]}}],"collection":[{"href":"https:\/\/amcham.org.pe\/news\/wp-json\/wp\/v2\/posts"}],"about":[{"href":"https:\/\/amcham.org.pe\/news\/wp-json\/wp\/v2\/types\/post"}],"author":[{"embeddable":true,"href":"https:\/\/amcham.org.pe\/news\/wp-json\/wp\/v2\/users\/2"}],"replies":[{"embeddable":true,"href":"https:\/\/amcham.org.pe\/news\/wp-json\/wp\/v2\/comments?post=8250"}],"version-history":[{"count":5,"href":"https:\/\/amcham.org.pe\/news\/wp-json\/wp\/v2\/posts\/8250\/revisions"}],"predecessor-version":[{"id":8255,"href":"https:\/\/amcham.org.pe\/news\/wp-json\/wp\/v2\/posts\/8250\/revisions\/8255"}],"wp:attachment":[{"href":"https:\/\/amcham.org.pe\/news\/wp-json\/wp\/v2\/media?parent=8250"}],"wp:term":[{"taxonomy":"category","embeddable":true,"href":"https:\/\/amcham.org.pe\/news\/wp-json\/wp\/v2\/categories?post=8250"},{"taxonomy":"post_tag","embeddable":true,"href":"https:\/\/amcham.org.pe\/news\/wp-json\/wp\/v2\/tags?post=8250"}],"curies":[{"name":"wp","href":"https:\/\/api.w.org\/{rel}","templated":true}]}}