{"id":8396,"date":"2024-07-08T15:27:12","date_gmt":"2024-07-08T20:27:12","guid":{"rendered":"https:\/\/amcham.org.pe\/news\/?p=8396"},"modified":"2024-07-08T15:27:12","modified_gmt":"2024-07-08T20:27:12","slug":"bcrp-expectativas-empresariales-de-corto-plazo-volvieron-a-terreno-positivo-en-junio","status":"publish","type":"post","link":"https:\/\/amcham.org.pe\/news\/bcrp-expectativas-empresariales-de-corto-plazo-volvieron-a-terreno-positivo-en-junio\/","title":{"rendered":"BCRP: expectativas empresariales de corto plazo volvieron a terreno positivo en junio"},"content":{"rendered":"","protected":false},"excerpt":{"rendered":"","protected":false},"author":2,"featured_media":0,"comment_status":"closed","ping_status":"open","sticky":false,"template":"","format":"standard","meta":{"footnotes":""},"categories":[3],"tags":[395,117,660,11],"class_list":["post-8396","post","type-post","status-publish","format-standard","hentry","category-economia","tag-amcham-peru","tag-bcrp","tag-confianza-empresarial","tag-economia"],"yoast_head":"<!-- This site is optimized with the Yoast SEO plugin v14.5 - https:\/\/yoast.com\/wordpress\/plugins\/seo\/ -->\n<meta name=\"description\" content=\"Las expectativas empresariales mejoraron en junio. Seg\u00fan la encuesta de expectativas macroecon\u00f3micas realizada por el Banco Central de la Reserva del Per\u00fa (BRCP), 13 de los 18 indicadores que miden las expectativas empresariales est\u00e1n en el tramo optimista, cifra superior a los resultados alcanzados el mes antepasado.\" \/>\n<meta name=\"robots\" content=\"index, follow\" \/>\n<meta name=\"googlebot\" content=\"index, follow, max-snippet:-1, max-image-preview:large, max-video-preview:-1\" \/>\n<meta name=\"bingbot\" content=\"index, follow, max-snippet:-1, max-image-preview:large, max-video-preview:-1\" \/>\n<link rel=\"canonical\" href=\"https:\/\/amcham.org.pe\/news\/bcrp-expectativas-empresariales-de-corto-plazo-volvieron-a-terreno-positivo-en-junio\/\" \/>\n<meta property=\"og:locale\" content=\"es_ES\" \/>\n<meta property=\"og:type\" content=\"article\" \/>\n<meta property=\"og:title\" content=\"BCRP: expectativas empresariales de corto plazo volvieron a terreno positivo en junio - AmCham News\" \/>\n<meta property=\"og:description\" content=\"Las expectativas empresariales mejoraron en junio. Seg\u00fan la encuesta de expectativas macroecon\u00f3micas realizada por el Banco Central de la Reserva del Per\u00fa (BRCP), 13 de los 18 indicadores que miden las expectativas empresariales est\u00e1n en el tramo optimista, cifra superior a los resultados alcanzados el mes antepasado.\" \/>\n<meta property=\"og:url\" content=\"https:\/\/amcham.org.pe\/news\/bcrp-expectativas-empresariales-de-corto-plazo-volvieron-a-terreno-positivo-en-junio\/\" \/>\n<meta property=\"og:site_name\" content=\"AmCham News\" \/>\n<meta property=\"article:published_time\" content=\"2024-07-08T20:27:12+00:00\" \/>\n<meta property=\"og:image\" content=\"https:\/\/amcham.org.pe\/news\/wp-content\/uploads\/2020\/08\/BCRP.jpg\" \/>\n\t<meta property=\"og:image:width\" content=\"1800\" \/>\n\t<meta property=\"og:image:height\" content=\"1012\" \/>\n<meta name=\"twitter:card\" content=\"summary_large_image\" \/>\n<meta name=\"twitter:image\" content=\"https:\/\/amcham.org.pe\/news\/wp-content\/uploads\/2020\/08\/BCRP.jpg\" \/>\n<script type=\"application\/ld+json\" class=\"yoast-schema-graph\">{\"@context\":\"https:\/\/schema.org\",\"@graph\":[{\"@type\":\"WebSite\",\"@id\":\"https:\/\/amcham.org.pe\/news\/#website\",\"url\":\"https:\/\/amcham.org.pe\/news\/\",\"name\":\"Amcham News\",\"description\":\"\",\"potentialAction\":[{\"@type\":\"SearchAction\",\"target\":\"https:\/\/amcham.org.pe\/news\/?s={search_term_string}\",\"query-input\":\"required name=search_term_string\"}],\"inLanguage\":\"es\"},{\"@type\":\"WebPage\",\"@id\":\"https:\/\/amcham.org.pe\/news\/bcrp-expectativas-empresariales-de-corto-plazo-volvieron-a-terreno-positivo-en-junio\/#webpage\",\"url\":\"https:\/\/amcham.org.pe\/news\/bcrp-expectativas-empresariales-de-corto-plazo-volvieron-a-terreno-positivo-en-junio\/\",\"name\":\"BCRP: expectativas empresariales de corto plazo volvieron a terreno positivo en junio - AmCham News\",\"isPartOf\":{\"@id\":\"https:\/\/amcham.org.pe\/news\/#website\"},\"datePublished\":\"2024-07-08T20:27:12+00:00\",\"dateModified\":\"2024-07-08T20:27:12+00:00\",\"author\":{\"@id\":\"https:\/\/amcham.org.pe\/news\/#\/schema\/person\/c87e67b38d12c59ee4af463f78dbe2f9\"},\"description\":\"Las expectativas empresariales mejoraron en junio. Seg\\u00fan la encuesta de expectativas macroecon\\u00f3micas realizada por el Banco Central de la Reserva del Per\\u00fa (BRCP), 13 de los 18 indicadores que miden las expectativas empresariales est\\u00e1n en el tramo optimista, cifra superior a los resultados alcanzados el mes antepasado.\",\"inLanguage\":\"es\",\"potentialAction\":[{\"@type\":\"ReadAction\",\"target\":[\"https:\/\/amcham.org.pe\/news\/bcrp-expectativas-empresariales-de-corto-plazo-volvieron-a-terreno-positivo-en-junio\/\"]}]},{\"@type\":[\"Person\"],\"@id\":\"https:\/\/amcham.org.pe\/news\/#\/schema\/person\/c87e67b38d12c59ee4af463f78dbe2f9\",\"name\":\"Administrador\"}]}<\/script>\n<!-- \/ Yoast SEO plugin. -->","_links":{"self":[{"href":"https:\/\/amcham.org.pe\/news\/wp-json\/wp\/v2\/posts\/8396","targetHints":{"allow":["GET"]}}],"collection":[{"href":"https:\/\/amcham.org.pe\/news\/wp-json\/wp\/v2\/posts"}],"about":[{"href":"https:\/\/amcham.org.pe\/news\/wp-json\/wp\/v2\/types\/post"}],"author":[{"embeddable":true,"href":"https:\/\/amcham.org.pe\/news\/wp-json\/wp\/v2\/users\/2"}],"replies":[{"embeddable":true,"href":"https:\/\/amcham.org.pe\/news\/wp-json\/wp\/v2\/comments?post=8396"}],"version-history":[{"count":3,"href":"https:\/\/amcham.org.pe\/news\/wp-json\/wp\/v2\/posts\/8396\/revisions"}],"predecessor-version":[{"id":8399,"href":"https:\/\/amcham.org.pe\/news\/wp-json\/wp\/v2\/posts\/8396\/revisions\/8399"}],"wp:attachment":[{"href":"https:\/\/amcham.org.pe\/news\/wp-json\/wp\/v2\/media?parent=8396"}],"wp:term":[{"taxonomy":"category","embeddable":true,"href":"https:\/\/amcham.org.pe\/news\/wp-json\/wp\/v2\/categories?post=8396"},{"taxonomy":"post_tag","embeddable":true,"href":"https:\/\/amcham.org.pe\/news\/wp-json\/wp\/v2\/tags?post=8396"}],"curies":[{"name":"wp","href":"https:\/\/api.w.org\/{rel}","templated":true}]}}