{"id":8520,"date":"2024-08-19T12:41:20","date_gmt":"2024-08-19T17:41:20","guid":{"rendered":"https:\/\/amcham.org.pe\/news\/?p=8520"},"modified":"2024-08-21T12:44:41","modified_gmt":"2024-08-21T17:44:41","slug":"aap-mercado-de-vehiculos-cae-por-tercer-mes-consecutivo-por-menor-venta-de-livianos","status":"publish","type":"post","link":"https:\/\/amcham.org.pe\/news\/aap-mercado-de-vehiculos-cae-por-tercer-mes-consecutivo-por-menor-venta-de-livianos\/","title":{"rendered":"AAP: mercado de veh\u00edculos cae por tercer mes consecutivo por menor venta de livianos"},"content":{"rendered":"","protected":false},"excerpt":{"rendered":"","protected":false},"author":2,"featured_media":0,"comment_status":"closed","ping_status":"open","sticky":false,"template":"","format":"standard","meta":{"footnotes":""},"categories":[3],"tags":[591,395,208,11,389],"class_list":["post-8520","post","type-post","status-publish","format-standard","hentry","category-economia","tag-aap","tag-amcham-peru","tag-consumo-privado","tag-economia","tag-sector-automotriz"],"yoast_head":"<!-- This site is optimized with the Yoast SEO plugin v14.5 - https:\/\/yoast.com\/wordpress\/plugins\/seo\/ -->\n<meta name=\"description\" content=\"El mercado total de veh\u00edculos \u2014que agrupa las categor\u00edas de livianos y pesados\u2014 coloc\u00f3 12,608 unidades en julio de este a\u00f1o, una ca\u00edda de 15% en comparaci\u00f3n con el mismo mes del a\u00f1o pasado, seg\u00fan la Asociaci\u00f3n Automotriz del Per\u00fa (AAP). As\u00ed, a nivel acumulado, la industria automotriz registra una ca\u00edda de 12% con respecto a lo registrado en el mismo periodo del 2023. La menor venta de veh\u00edculos livianos explica el resultado.\" \/>\n<meta name=\"robots\" content=\"index, follow\" \/>\n<meta name=\"googlebot\" content=\"index, follow, max-snippet:-1, max-image-preview:large, max-video-preview:-1\" \/>\n<meta name=\"bingbot\" content=\"index, follow, max-snippet:-1, max-image-preview:large, max-video-preview:-1\" \/>\n<link rel=\"canonical\" href=\"https:\/\/amcham.org.pe\/news\/aap-mercado-de-vehiculos-cae-por-tercer-mes-consecutivo-por-menor-venta-de-livianos\/\" \/>\n<meta property=\"og:locale\" content=\"es_ES\" \/>\n<meta property=\"og:type\" content=\"article\" \/>\n<meta property=\"og:title\" content=\"AAP: mercado de veh\u00edculos cae por tercer mes consecutivo por menor venta de livianos - AmCham News\" \/>\n<meta property=\"og:description\" content=\"El mercado total de veh\u00edculos \u2014que agrupa las categor\u00edas de livianos y pesados\u2014 coloc\u00f3 12,608 unidades en julio de este a\u00f1o, una ca\u00edda de 15% en comparaci\u00f3n con el mismo mes del a\u00f1o pasado, seg\u00fan la Asociaci\u00f3n Automotriz del Per\u00fa (AAP). As\u00ed, a nivel acumulado, la industria automotriz registra una ca\u00edda de 12% con respecto a lo registrado en el mismo periodo del 2023. La menor venta de veh\u00edculos livianos explica el resultado.\" \/>\n<meta property=\"og:url\" content=\"https:\/\/amcham.org.pe\/news\/aap-mercado-de-vehiculos-cae-por-tercer-mes-consecutivo-por-menor-venta-de-livianos\/\" \/>\n<meta property=\"og:site_name\" content=\"AmCham News\" \/>\n<meta property=\"article:published_time\" content=\"2024-08-19T17:41:20+00:00\" \/>\n<meta property=\"article:modified_time\" content=\"2024-08-21T17:44:41+00:00\" \/>\n<meta property=\"og:image\" content=\"https:\/\/amcham.org.pe\/news\/wp-content\/uploads\/2021\/12\/shutterstock_210005167.jpg\" \/>\n\t<meta property=\"og:image:width\" content=\"1000\" \/>\n\t<meta property=\"og:image:height\" content=\"664\" \/>\n<meta name=\"twitter:card\" content=\"summary_large_image\" \/>\n<meta name=\"twitter:image\" content=\"https:\/\/amcham.org.pe\/news\/wp-content\/uploads\/2021\/12\/shutterstock_210005167.jpg\" \/>\n<script type=\"application\/ld+json\" class=\"yoast-schema-graph\">{\"@context\":\"https:\/\/schema.org\",\"@graph\":[{\"@type\":\"WebSite\",\"@id\":\"https:\/\/amcham.org.pe\/news\/#website\",\"url\":\"https:\/\/amcham.org.pe\/news\/\",\"name\":\"Amcham News\",\"description\":\"\",\"potentialAction\":[{\"@type\":\"SearchAction\",\"target\":\"https:\/\/amcham.org.pe\/news\/?s={search_term_string}\",\"query-input\":\"required name=search_term_string\"}],\"inLanguage\":\"es\"},{\"@type\":\"WebPage\",\"@id\":\"https:\/\/amcham.org.pe\/news\/aap-mercado-de-vehiculos-cae-por-tercer-mes-consecutivo-por-menor-venta-de-livianos\/#webpage\",\"url\":\"https:\/\/amcham.org.pe\/news\/aap-mercado-de-vehiculos-cae-por-tercer-mes-consecutivo-por-menor-venta-de-livianos\/\",\"name\":\"AAP: mercado de veh\\u00edculos cae por tercer mes consecutivo por menor venta de livianos - AmCham News\",\"isPartOf\":{\"@id\":\"https:\/\/amcham.org.pe\/news\/#website\"},\"datePublished\":\"2024-08-19T17:41:20+00:00\",\"dateModified\":\"2024-08-21T17:44:41+00:00\",\"author\":{\"@id\":\"https:\/\/amcham.org.pe\/news\/#\/schema\/person\/c87e67b38d12c59ee4af463f78dbe2f9\"},\"description\":\"El mercado total de veh\\u00edculos \\u2014que agrupa las categor\\u00edas de livianos y pesados\\u2014 coloc\\u00f3 12,608 unidades en julio de este a\\u00f1o, una ca\\u00edda de 15% en comparaci\\u00f3n con el mismo mes del a\\u00f1o pasado, seg\\u00fan la Asociaci\\u00f3n Automotriz del Per\\u00fa (AAP). As\\u00ed, a nivel acumulado, la industria automotriz registra una ca\\u00edda de 12% con respecto a lo registrado en el mismo periodo del 2023. La menor venta de veh\\u00edculos livianos explica el resultado.\",\"inLanguage\":\"es\",\"potentialAction\":[{\"@type\":\"ReadAction\",\"target\":[\"https:\/\/amcham.org.pe\/news\/aap-mercado-de-vehiculos-cae-por-tercer-mes-consecutivo-por-menor-venta-de-livianos\/\"]}]},{\"@type\":[\"Person\"],\"@id\":\"https:\/\/amcham.org.pe\/news\/#\/schema\/person\/c87e67b38d12c59ee4af463f78dbe2f9\",\"name\":\"Administrador\"}]}<\/script>\n<!-- \/ Yoast SEO plugin. -->","_links":{"self":[{"href":"https:\/\/amcham.org.pe\/news\/wp-json\/wp\/v2\/posts\/8520","targetHints":{"allow":["GET"]}}],"collection":[{"href":"https:\/\/amcham.org.pe\/news\/wp-json\/wp\/v2\/posts"}],"about":[{"href":"https:\/\/amcham.org.pe\/news\/wp-json\/wp\/v2\/types\/post"}],"author":[{"embeddable":true,"href":"https:\/\/amcham.org.pe\/news\/wp-json\/wp\/v2\/users\/2"}],"replies":[{"embeddable":true,"href":"https:\/\/amcham.org.pe\/news\/wp-json\/wp\/v2\/comments?post=8520"}],"version-history":[{"count":3,"href":"https:\/\/amcham.org.pe\/news\/wp-json\/wp\/v2\/posts\/8520\/revisions"}],"predecessor-version":[{"id":8523,"href":"https:\/\/amcham.org.pe\/news\/wp-json\/wp\/v2\/posts\/8520\/revisions\/8523"}],"wp:attachment":[{"href":"https:\/\/amcham.org.pe\/news\/wp-json\/wp\/v2\/media?parent=8520"}],"wp:term":[{"taxonomy":"category","embeddable":true,"href":"https:\/\/amcham.org.pe\/news\/wp-json\/wp\/v2\/categories?post=8520"},{"taxonomy":"post_tag","embeddable":true,"href":"https:\/\/amcham.org.pe\/news\/wp-json\/wp\/v2\/tags?post=8520"}],"curies":[{"name":"wp","href":"https:\/\/api.w.org\/{rel}","templated":true}]}}