{"id":8616,"date":"2024-09-06T11:19:50","date_gmt":"2024-09-06T16:19:50","guid":{"rendered":"https:\/\/amcham.org.pe\/news\/?p=8616"},"modified":"2024-09-06T11:19:50","modified_gmt":"2024-09-06T16:19:50","slug":"bcrp-indicador-relacionado-a-la-situacion-actual-del-negocio-paso-a-tramo-optimista-en-agosto","status":"publish","type":"post","link":"https:\/\/amcham.org.pe\/news\/bcrp-indicador-relacionado-a-la-situacion-actual-del-negocio-paso-a-tramo-optimista-en-agosto\/","title":{"rendered":"BCRP: indicador relacionado a la situaci\u00f3n actual del negocio pas\u00f3 a tramo optimista en agosto"},"content":{"rendered":"","protected":false},"excerpt":{"rendered":"","protected":false},"author":2,"featured_media":0,"comment_status":"closed","ping_status":"open","sticky":false,"template":"","format":"standard","meta":{"footnotes":""},"categories":[3],"tags":[395,117,11,139],"class_list":["post-8616","post","type-post","status-publish","format-standard","hentry","category-economia","tag-amcham-peru","tag-bcrp","tag-economia","tag-expectativas"],"yoast_head":"<!-- This site is optimized with the Yoast SEO plugin v14.5 - https:\/\/yoast.com\/wordpress\/plugins\/seo\/ -->\n<meta name=\"description\" content=\"La recuperaci\u00f3n econ\u00f3mica ya se est\u00e1 sintiendo en los negocios seg\u00fan los resultados de la \u00faltima Encuesta de Expectativas Macroecon\u00f3micas del Banco Central de la Reserva del Per\u00fa (BCRP). As\u00ed, las sensaciones sobre la situaci\u00f3n actual del negocio pas\u00f3 de terreno negativo a positivo, tras registrar 52 puntos en agosto.\" \/>\n<meta name=\"robots\" content=\"index, follow\" \/>\n<meta name=\"googlebot\" content=\"index, follow, max-snippet:-1, max-image-preview:large, max-video-preview:-1\" \/>\n<meta name=\"bingbot\" content=\"index, follow, max-snippet:-1, max-image-preview:large, max-video-preview:-1\" \/>\n<link rel=\"canonical\" href=\"https:\/\/amcham.org.pe\/news\/bcrp-indicador-relacionado-a-la-situacion-actual-del-negocio-paso-a-tramo-optimista-en-agosto\/\" \/>\n<meta property=\"og:locale\" content=\"es_ES\" \/>\n<meta property=\"og:type\" content=\"article\" \/>\n<meta property=\"og:title\" content=\"BCRP: indicador relacionado a la situaci\u00f3n actual del negocio pas\u00f3 a tramo optimista en agosto - AmCham News\" \/>\n<meta property=\"og:description\" content=\"La recuperaci\u00f3n econ\u00f3mica ya se est\u00e1 sintiendo en los negocios seg\u00fan los resultados de la \u00faltima Encuesta de Expectativas Macroecon\u00f3micas del Banco Central de la Reserva del Per\u00fa (BCRP). As\u00ed, las sensaciones sobre la situaci\u00f3n actual del negocio pas\u00f3 de terreno negativo a positivo, tras registrar 52 puntos en agosto.\" \/>\n<meta property=\"og:url\" content=\"https:\/\/amcham.org.pe\/news\/bcrp-indicador-relacionado-a-la-situacion-actual-del-negocio-paso-a-tramo-optimista-en-agosto\/\" \/>\n<meta property=\"og:site_name\" content=\"AmCham News\" \/>\n<meta property=\"article:published_time\" content=\"2024-09-06T16:19:50+00:00\" \/>\n<meta property=\"og:image\" content=\"https:\/\/amcham.org.pe\/news\/wp-content\/uploads\/2020\/08\/BCRP.jpg\" \/>\n\t<meta property=\"og:image:width\" content=\"1800\" \/>\n\t<meta property=\"og:image:height\" content=\"1012\" \/>\n<meta name=\"twitter:card\" content=\"summary_large_image\" \/>\n<meta name=\"twitter:image\" content=\"https:\/\/amcham.org.pe\/news\/wp-content\/uploads\/2023\/06\/shutterstock_1072754630.jpg\" \/>\n<script type=\"application\/ld+json\" class=\"yoast-schema-graph\">{\"@context\":\"https:\/\/schema.org\",\"@graph\":[{\"@type\":\"WebSite\",\"@id\":\"https:\/\/amcham.org.pe\/news\/#website\",\"url\":\"https:\/\/amcham.org.pe\/news\/\",\"name\":\"Amcham News\",\"description\":\"\",\"potentialAction\":[{\"@type\":\"SearchAction\",\"target\":\"https:\/\/amcham.org.pe\/news\/?s={search_term_string}\",\"query-input\":\"required name=search_term_string\"}],\"inLanguage\":\"es\"},{\"@type\":\"WebPage\",\"@id\":\"https:\/\/amcham.org.pe\/news\/bcrp-indicador-relacionado-a-la-situacion-actual-del-negocio-paso-a-tramo-optimista-en-agosto\/#webpage\",\"url\":\"https:\/\/amcham.org.pe\/news\/bcrp-indicador-relacionado-a-la-situacion-actual-del-negocio-paso-a-tramo-optimista-en-agosto\/\",\"name\":\"BCRP: indicador relacionado a la situaci\\u00f3n actual del negocio pas\\u00f3 a tramo optimista en agosto - AmCham News\",\"isPartOf\":{\"@id\":\"https:\/\/amcham.org.pe\/news\/#website\"},\"datePublished\":\"2024-09-06T16:19:50+00:00\",\"dateModified\":\"2024-09-06T16:19:50+00:00\",\"author\":{\"@id\":\"https:\/\/amcham.org.pe\/news\/#\/schema\/person\/c87e67b38d12c59ee4af463f78dbe2f9\"},\"description\":\"La recuperaci\\u00f3n econ\\u00f3mica ya se est\\u00e1 sintiendo en los negocios seg\\u00fan los resultados de la \\u00faltima Encuesta de Expectativas Macroecon\\u00f3micas del Banco Central de la Reserva del Per\\u00fa (BCRP). As\\u00ed, las sensaciones sobre la situaci\\u00f3n actual del negocio pas\\u00f3 de terreno negativo a positivo, tras registrar 52 puntos en agosto.\",\"inLanguage\":\"es\",\"potentialAction\":[{\"@type\":\"ReadAction\",\"target\":[\"https:\/\/amcham.org.pe\/news\/bcrp-indicador-relacionado-a-la-situacion-actual-del-negocio-paso-a-tramo-optimista-en-agosto\/\"]}]},{\"@type\":[\"Person\"],\"@id\":\"https:\/\/amcham.org.pe\/news\/#\/schema\/person\/c87e67b38d12c59ee4af463f78dbe2f9\",\"name\":\"Administrador\"}]}<\/script>\n<!-- \/ Yoast SEO plugin. -->","_links":{"self":[{"href":"https:\/\/amcham.org.pe\/news\/wp-json\/wp\/v2\/posts\/8616","targetHints":{"allow":["GET"]}}],"collection":[{"href":"https:\/\/amcham.org.pe\/news\/wp-json\/wp\/v2\/posts"}],"about":[{"href":"https:\/\/amcham.org.pe\/news\/wp-json\/wp\/v2\/types\/post"}],"author":[{"embeddable":true,"href":"https:\/\/amcham.org.pe\/news\/wp-json\/wp\/v2\/users\/2"}],"replies":[{"embeddable":true,"href":"https:\/\/amcham.org.pe\/news\/wp-json\/wp\/v2\/comments?post=8616"}],"version-history":[{"count":1,"href":"https:\/\/amcham.org.pe\/news\/wp-json\/wp\/v2\/posts\/8616\/revisions"}],"predecessor-version":[{"id":8617,"href":"https:\/\/amcham.org.pe\/news\/wp-json\/wp\/v2\/posts\/8616\/revisions\/8617"}],"wp:attachment":[{"href":"https:\/\/amcham.org.pe\/news\/wp-json\/wp\/v2\/media?parent=8616"}],"wp:term":[{"taxonomy":"category","embeddable":true,"href":"https:\/\/amcham.org.pe\/news\/wp-json\/wp\/v2\/categories?post=8616"},{"taxonomy":"post_tag","embeddable":true,"href":"https:\/\/amcham.org.pe\/news\/wp-json\/wp\/v2\/tags?post=8616"}],"curies":[{"name":"wp","href":"https:\/\/api.w.org\/{rel}","templated":true}]}}