{"id":8660,"date":"2024-09-17T11:18:27","date_gmt":"2024-09-17T16:18:27","guid":{"rendered":"https:\/\/amcham.org.pe\/news\/?p=8660"},"modified":"2024-09-17T11:18:27","modified_gmt":"2024-09-17T16:18:27","slug":"aap-mercado-de-vehiculos-no-levanta-y-cae-12-a-agosto","status":"publish","type":"post","link":"https:\/\/amcham.org.pe\/news\/aap-mercado-de-vehiculos-no-levanta-y-cae-12-a-agosto\/","title":{"rendered":"AAP: mercado de veh\u00edculos no levanta y cae 12% a agosto"},"content":{"rendered":"","protected":false},"excerpt":{"rendered":"","protected":false},"author":2,"featured_media":0,"comment_status":"closed","ping_status":"open","sticky":false,"template":"","format":"standard","meta":{"footnotes":""},"categories":[3],"tags":[591,395,208,389],"class_list":["post-8660","post","type-post","status-publish","format-standard","hentry","category-economia","tag-aap","tag-amcham-peru","tag-consumo-privado","tag-sector-automotriz"],"yoast_head":"<!-- This site is optimized with the Yoast SEO plugin v14.5 - https:\/\/yoast.com\/wordpress\/plugins\/seo\/ -->\n<meta name=\"description\" content=\"Las ventas de veh\u00edculos volvieron a caer en agosto seg\u00fan el \u00faltimo reporte de la Asociaci\u00f3n Automotriz del Per\u00fa (AAP). En agosto, la colocaci\u00f3n de veh\u00edculos lleg\u00f3 a las 14,256 unidades, una ca\u00edda de 12% en comparaci\u00f3n al mismo mes del a\u00f1o pasado. Con la ca\u00edda, el mercado registra cuatro meses consecutivos de contracci\u00f3n, por lo que registra una ca\u00edda acumulada de 12% en los primeros ocho meses del a\u00f1o.\" \/>\n<meta name=\"robots\" content=\"index, follow\" \/>\n<meta name=\"googlebot\" content=\"index, follow, max-snippet:-1, max-image-preview:large, max-video-preview:-1\" \/>\n<meta name=\"bingbot\" content=\"index, follow, max-snippet:-1, max-image-preview:large, max-video-preview:-1\" \/>\n<link rel=\"canonical\" href=\"https:\/\/amcham.org.pe\/news\/aap-mercado-de-vehiculos-no-levanta-y-cae-12-a-agosto\/\" \/>\n<meta property=\"og:locale\" content=\"es_ES\" \/>\n<meta property=\"og:type\" content=\"article\" \/>\n<meta property=\"og:title\" content=\"AAP: mercado de veh\u00edculos no levanta y cae 12% a agosto - AmCham News\" \/>\n<meta property=\"og:description\" content=\"Las ventas de veh\u00edculos volvieron a caer en agosto seg\u00fan el \u00faltimo reporte de la Asociaci\u00f3n Automotriz del Per\u00fa (AAP). En agosto, la colocaci\u00f3n de veh\u00edculos lleg\u00f3 a las 14,256 unidades, una ca\u00edda de 12% en comparaci\u00f3n al mismo mes del a\u00f1o pasado. Con la ca\u00edda, el mercado registra cuatro meses consecutivos de contracci\u00f3n, por lo que registra una ca\u00edda acumulada de 12% en los primeros ocho meses del a\u00f1o.\" \/>\n<meta property=\"og:url\" content=\"https:\/\/amcham.org.pe\/news\/aap-mercado-de-vehiculos-no-levanta-y-cae-12-a-agosto\/\" \/>\n<meta property=\"og:site_name\" content=\"AmCham News\" \/>\n<meta property=\"article:published_time\" content=\"2024-09-17T16:18:27+00:00\" \/>\n<meta property=\"og:image\" content=\"https:\/\/amcham.org.pe\/news\/wp-content\/uploads\/2020\/07\/AdobeStock_176119722_opt.jpg\" \/>\n\t<meta property=\"og:image:width\" content=\"1900\" \/>\n\t<meta property=\"og:image:height\" content=\"1248\" \/>\n<meta name=\"twitter:card\" content=\"summary_large_image\" \/>\n<meta name=\"twitter:image\" content=\"https:\/\/amcham.org.pe\/news\/wp-content\/uploads\/2020\/07\/AdobeStock_176119722_opt.jpg\" \/>\n<script type=\"application\/ld+json\" class=\"yoast-schema-graph\">{\"@context\":\"https:\/\/schema.org\",\"@graph\":[{\"@type\":\"WebSite\",\"@id\":\"https:\/\/amcham.org.pe\/news\/#website\",\"url\":\"https:\/\/amcham.org.pe\/news\/\",\"name\":\"Amcham News\",\"description\":\"\",\"potentialAction\":[{\"@type\":\"SearchAction\",\"target\":\"https:\/\/amcham.org.pe\/news\/?s={search_term_string}\",\"query-input\":\"required name=search_term_string\"}],\"inLanguage\":\"es\"},{\"@type\":\"WebPage\",\"@id\":\"https:\/\/amcham.org.pe\/news\/aap-mercado-de-vehiculos-no-levanta-y-cae-12-a-agosto\/#webpage\",\"url\":\"https:\/\/amcham.org.pe\/news\/aap-mercado-de-vehiculos-no-levanta-y-cae-12-a-agosto\/\",\"name\":\"AAP: mercado de veh\\u00edculos no levanta y cae 12% a agosto - AmCham News\",\"isPartOf\":{\"@id\":\"https:\/\/amcham.org.pe\/news\/#website\"},\"datePublished\":\"2024-09-17T16:18:27+00:00\",\"dateModified\":\"2024-09-17T16:18:27+00:00\",\"author\":{\"@id\":\"https:\/\/amcham.org.pe\/news\/#\/schema\/person\/c87e67b38d12c59ee4af463f78dbe2f9\"},\"description\":\"Las ventas de veh\\u00edculos volvieron a caer en agosto seg\\u00fan el \\u00faltimo reporte de la Asociaci\\u00f3n Automotriz del Per\\u00fa (AAP). En agosto, la colocaci\\u00f3n de veh\\u00edculos lleg\\u00f3 a las 14,256 unidades, una ca\\u00edda de 12% en comparaci\\u00f3n al mismo mes del a\\u00f1o pasado. Con la ca\\u00edda, el mercado registra cuatro meses consecutivos de contracci\\u00f3n, por lo que registra una ca\\u00edda acumulada de 12% en los primeros ocho meses del a\\u00f1o.\",\"inLanguage\":\"es\",\"potentialAction\":[{\"@type\":\"ReadAction\",\"target\":[\"https:\/\/amcham.org.pe\/news\/aap-mercado-de-vehiculos-no-levanta-y-cae-12-a-agosto\/\"]}]},{\"@type\":[\"Person\"],\"@id\":\"https:\/\/amcham.org.pe\/news\/#\/schema\/person\/c87e67b38d12c59ee4af463f78dbe2f9\",\"name\":\"Administrador\"}]}<\/script>\n<!-- \/ Yoast SEO plugin. -->","_links":{"self":[{"href":"https:\/\/amcham.org.pe\/news\/wp-json\/wp\/v2\/posts\/8660","targetHints":{"allow":["GET"]}}],"collection":[{"href":"https:\/\/amcham.org.pe\/news\/wp-json\/wp\/v2\/posts"}],"about":[{"href":"https:\/\/amcham.org.pe\/news\/wp-json\/wp\/v2\/types\/post"}],"author":[{"embeddable":true,"href":"https:\/\/amcham.org.pe\/news\/wp-json\/wp\/v2\/users\/2"}],"replies":[{"embeddable":true,"href":"https:\/\/amcham.org.pe\/news\/wp-json\/wp\/v2\/comments?post=8660"}],"version-history":[{"count":2,"href":"https:\/\/amcham.org.pe\/news\/wp-json\/wp\/v2\/posts\/8660\/revisions"}],"predecessor-version":[{"id":8662,"href":"https:\/\/amcham.org.pe\/news\/wp-json\/wp\/v2\/posts\/8660\/revisions\/8662"}],"wp:attachment":[{"href":"https:\/\/amcham.org.pe\/news\/wp-json\/wp\/v2\/media?parent=8660"}],"wp:term":[{"taxonomy":"category","embeddable":true,"href":"https:\/\/amcham.org.pe\/news\/wp-json\/wp\/v2\/categories?post=8660"},{"taxonomy":"post_tag","embeddable":true,"href":"https:\/\/amcham.org.pe\/news\/wp-json\/wp\/v2\/tags?post=8660"}],"curies":[{"name":"wp","href":"https:\/\/api.w.org\/{rel}","templated":true}]}}