{"id":8765,"date":"2024-10-07T12:21:15","date_gmt":"2024-10-07T17:21:15","guid":{"rendered":"https:\/\/amcham.org.pe\/news\/?p=8765"},"modified":"2024-10-07T12:21:15","modified_gmt":"2024-10-07T17:21:15","slug":"bcrp-expectativas-empresariales-se-moderaron-en-el-tramo-optimista","status":"publish","type":"post","link":"https:\/\/amcham.org.pe\/news\/bcrp-expectativas-empresariales-se-moderaron-en-el-tramo-optimista\/","title":{"rendered":"BCRP: expectativas empresariales se moderaron en el tramo optimista"},"content":{"rendered":"","protected":false},"excerpt":{"rendered":"","protected":false},"author":2,"featured_media":0,"comment_status":"closed","ping_status":"open","sticky":false,"template":"","format":"standard","meta":{"footnotes":""},"categories":[3],"tags":[395,117,660,139],"class_list":["post-8765","post","type-post","status-publish","format-standard","hentry","category-economia","tag-amcham-peru","tag-bcrp","tag-confianza-empresarial","tag-expectativas"],"yoast_head":"<!-- This site is optimized with the Yoast SEO plugin v14.5 - https:\/\/yoast.com\/wordpress\/plugins\/seo\/ -->\n<meta name=\"description\" content=\"Las expectativas empresariales se mantuvieron en tramo optimista seg\u00fan los resultados de la \u00faltima encuesta de expectativas macroecon\u00f3mica elaborada por el Banco Central de la Reserva del Per\u00fa (BCRP). As\u00ed, todos los indicadores relacionados a las expectativas se mantuvieron en el tramo positivo.\" \/>\n<meta name=\"robots\" content=\"index, follow\" \/>\n<meta name=\"googlebot\" content=\"index, follow, max-snippet:-1, max-image-preview:large, max-video-preview:-1\" \/>\n<meta name=\"bingbot\" content=\"index, follow, max-snippet:-1, max-image-preview:large, max-video-preview:-1\" \/>\n<link rel=\"canonical\" href=\"https:\/\/amcham.org.pe\/news\/bcrp-expectativas-empresariales-se-moderaron-en-el-tramo-optimista\/\" \/>\n<meta property=\"og:locale\" content=\"es_ES\" \/>\n<meta property=\"og:type\" content=\"article\" \/>\n<meta property=\"og:title\" content=\"BCRP: expectativas empresariales se moderaron en el tramo optimista - AmCham News\" \/>\n<meta property=\"og:description\" content=\"Las expectativas empresariales se mantuvieron en tramo optimista seg\u00fan los resultados de la \u00faltima encuesta de expectativas macroecon\u00f3mica elaborada por el Banco Central de la Reserva del Per\u00fa (BCRP). As\u00ed, todos los indicadores relacionados a las expectativas se mantuvieron en el tramo positivo.\" \/>\n<meta property=\"og:url\" content=\"https:\/\/amcham.org.pe\/news\/bcrp-expectativas-empresariales-se-moderaron-en-el-tramo-optimista\/\" \/>\n<meta property=\"og:site_name\" content=\"AmCham News\" \/>\n<meta property=\"article:published_time\" content=\"2024-10-07T17:21:15+00:00\" \/>\n<meta property=\"og:image\" content=\"https:\/\/amcham.org.pe\/news\/wp-content\/uploads\/2023\/06\/shutterstock_1072754630.jpg\" \/>\n\t<meta property=\"og:image:width\" content=\"1000\" \/>\n\t<meta property=\"og:image:height\" content=\"666\" \/>\n<meta name=\"twitter:card\" content=\"summary_large_image\" \/>\n<meta name=\"twitter:image\" content=\"https:\/\/amcham.org.pe\/news\/wp-content\/uploads\/2023\/06\/shutterstock_1072754630.jpg\" \/>\n<script type=\"application\/ld+json\" class=\"yoast-schema-graph\">{\"@context\":\"https:\/\/schema.org\",\"@graph\":[{\"@type\":\"WebSite\",\"@id\":\"https:\/\/amcham.org.pe\/news\/#website\",\"url\":\"https:\/\/amcham.org.pe\/news\/\",\"name\":\"Amcham News\",\"description\":\"\",\"potentialAction\":[{\"@type\":\"SearchAction\",\"target\":\"https:\/\/amcham.org.pe\/news\/?s={search_term_string}\",\"query-input\":\"required name=search_term_string\"}],\"inLanguage\":\"es\"},{\"@type\":\"WebPage\",\"@id\":\"https:\/\/amcham.org.pe\/news\/bcrp-expectativas-empresariales-se-moderaron-en-el-tramo-optimista\/#webpage\",\"url\":\"https:\/\/amcham.org.pe\/news\/bcrp-expectativas-empresariales-se-moderaron-en-el-tramo-optimista\/\",\"name\":\"BCRP: expectativas empresariales se moderaron en el tramo optimista - AmCham News\",\"isPartOf\":{\"@id\":\"https:\/\/amcham.org.pe\/news\/#website\"},\"datePublished\":\"2024-10-07T17:21:15+00:00\",\"dateModified\":\"2024-10-07T17:21:15+00:00\",\"author\":{\"@id\":\"https:\/\/amcham.org.pe\/news\/#\/schema\/person\/c87e67b38d12c59ee4af463f78dbe2f9\"},\"description\":\"Las expectativas empresariales se mantuvieron en tramo optimista seg\\u00fan los resultados de la \\u00faltima encuesta de expectativas macroecon\\u00f3mica elaborada por el Banco Central de la Reserva del Per\\u00fa (BCRP). As\\u00ed, todos los indicadores relacionados a las expectativas se mantuvieron en el tramo positivo.\",\"inLanguage\":\"es\",\"potentialAction\":[{\"@type\":\"ReadAction\",\"target\":[\"https:\/\/amcham.org.pe\/news\/bcrp-expectativas-empresariales-se-moderaron-en-el-tramo-optimista\/\"]}]},{\"@type\":[\"Person\"],\"@id\":\"https:\/\/amcham.org.pe\/news\/#\/schema\/person\/c87e67b38d12c59ee4af463f78dbe2f9\",\"name\":\"Administrador\"}]}<\/script>\n<!-- \/ Yoast SEO plugin. -->","_links":{"self":[{"href":"https:\/\/amcham.org.pe\/news\/wp-json\/wp\/v2\/posts\/8765","targetHints":{"allow":["GET"]}}],"collection":[{"href":"https:\/\/amcham.org.pe\/news\/wp-json\/wp\/v2\/posts"}],"about":[{"href":"https:\/\/amcham.org.pe\/news\/wp-json\/wp\/v2\/types\/post"}],"author":[{"embeddable":true,"href":"https:\/\/amcham.org.pe\/news\/wp-json\/wp\/v2\/users\/2"}],"replies":[{"embeddable":true,"href":"https:\/\/amcham.org.pe\/news\/wp-json\/wp\/v2\/comments?post=8765"}],"version-history":[{"count":3,"href":"https:\/\/amcham.org.pe\/news\/wp-json\/wp\/v2\/posts\/8765\/revisions"}],"predecessor-version":[{"id":8768,"href":"https:\/\/amcham.org.pe\/news\/wp-json\/wp\/v2\/posts\/8765\/revisions\/8768"}],"wp:attachment":[{"href":"https:\/\/amcham.org.pe\/news\/wp-json\/wp\/v2\/media?parent=8765"}],"wp:term":[{"taxonomy":"category","embeddable":true,"href":"https:\/\/amcham.org.pe\/news\/wp-json\/wp\/v2\/categories?post=8765"},{"taxonomy":"post_tag","embeddable":true,"href":"https:\/\/amcham.org.pe\/news\/wp-json\/wp\/v2\/tags?post=8765"}],"curies":[{"name":"wp","href":"https:\/\/api.w.org\/{rel}","templated":true}]}}