{"id":8973,"date":"2024-11-22T14:06:33","date_gmt":"2024-11-22T19:06:33","guid":{"rendered":"https:\/\/amcham.org.pe\/news\/?p=8973"},"modified":"2024-11-22T14:06:33","modified_gmt":"2024-11-22T19:06:33","slug":"bcrp-inversion-privada-crecio-4-en-el-tercer-trimestre","status":"publish","type":"post","link":"https:\/\/amcham.org.pe\/news\/bcrp-inversion-privada-crecio-4-en-el-tercer-trimestre\/","title":{"rendered":"BCRP: inversi\u00f3n privada creci\u00f3 4% en el tercer trimestre"},"content":{"rendered":"","protected":false},"excerpt":{"rendered":"","protected":false},"author":2,"featured_media":0,"comment_status":"closed","ping_status":"open","sticky":false,"template":"","format":"standard","meta":{"footnotes":""},"categories":[3],"tags":[395,117,11,81],"class_list":["post-8973","post","type-post","status-publish","format-standard","hentry","category-economia","tag-amcham-peru","tag-bcrp","tag-economia","tag-inversion"],"yoast_head":"<!-- This site is optimized with the Yoast SEO plugin v14.5 - https:\/\/yoast.com\/wordpress\/plugins\/seo\/ -->\n<meta name=\"description\" content=\"Tras casi 8 trimestres consecutivos sin crecimiento \u2014seis de ca\u00edda y dos sin crecimiento\u2014 la inversi\u00f3n privada volvi\u00f3 a crecer en el tercer trimestre. Seg\u00fan el Banco Central de la Reserva del Per\u00fa (BCRP), la inversi\u00f3n privada creci\u00f3 4% en el tercer trimestre; el primer resultado positivo desde el segundo trimestre del 2022.\" \/>\n<meta name=\"robots\" content=\"index, follow\" \/>\n<meta name=\"googlebot\" content=\"index, follow, max-snippet:-1, max-image-preview:large, max-video-preview:-1\" \/>\n<meta name=\"bingbot\" content=\"index, follow, max-snippet:-1, max-image-preview:large, max-video-preview:-1\" \/>\n<link rel=\"canonical\" href=\"https:\/\/amcham.org.pe\/news\/bcrp-inversion-privada-crecio-4-en-el-tercer-trimestre\/\" \/>\n<meta property=\"og:locale\" content=\"es_ES\" \/>\n<meta property=\"og:type\" content=\"article\" \/>\n<meta property=\"og:title\" content=\"BCRP: inversi\u00f3n privada creci\u00f3 4% en el tercer trimestre - AmCham News\" \/>\n<meta property=\"og:description\" content=\"Tras casi 8 trimestres consecutivos sin crecimiento \u2014seis de ca\u00edda y dos sin crecimiento\u2014 la inversi\u00f3n privada volvi\u00f3 a crecer en el tercer trimestre. Seg\u00fan el Banco Central de la Reserva del Per\u00fa (BCRP), la inversi\u00f3n privada creci\u00f3 4% en el tercer trimestre; el primer resultado positivo desde el segundo trimestre del 2022.\" \/>\n<meta property=\"og:url\" content=\"https:\/\/amcham.org.pe\/news\/bcrp-inversion-privada-crecio-4-en-el-tercer-trimestre\/\" \/>\n<meta property=\"og:site_name\" content=\"AmCham News\" \/>\n<meta property=\"article:published_time\" content=\"2024-11-22T19:06:33+00:00\" \/>\n<meta property=\"og:image\" content=\"https:\/\/amcham.org.pe\/news\/wp-content\/uploads\/2020\/08\/BCRP.jpg\" \/>\n\t<meta property=\"og:image:width\" content=\"1800\" \/>\n\t<meta property=\"og:image:height\" content=\"1012\" \/>\n<meta name=\"twitter:card\" content=\"summary_large_image\" \/>\n<meta name=\"twitter:image\" content=\"https:\/\/amcham.org.pe\/news\/wp-content\/uploads\/2020\/08\/BCRP.jpg\" \/>\n<script type=\"application\/ld+json\" class=\"yoast-schema-graph\">{\"@context\":\"https:\/\/schema.org\",\"@graph\":[{\"@type\":\"WebSite\",\"@id\":\"https:\/\/amcham.org.pe\/news\/#website\",\"url\":\"https:\/\/amcham.org.pe\/news\/\",\"name\":\"Amcham News\",\"description\":\"\",\"potentialAction\":[{\"@type\":\"SearchAction\",\"target\":\"https:\/\/amcham.org.pe\/news\/?s={search_term_string}\",\"query-input\":\"required name=search_term_string\"}],\"inLanguage\":\"es\"},{\"@type\":\"WebPage\",\"@id\":\"https:\/\/amcham.org.pe\/news\/bcrp-inversion-privada-crecio-4-en-el-tercer-trimestre\/#webpage\",\"url\":\"https:\/\/amcham.org.pe\/news\/bcrp-inversion-privada-crecio-4-en-el-tercer-trimestre\/\",\"name\":\"BCRP: inversi\\u00f3n privada creci\\u00f3 4% en el tercer trimestre - AmCham News\",\"isPartOf\":{\"@id\":\"https:\/\/amcham.org.pe\/news\/#website\"},\"datePublished\":\"2024-11-22T19:06:33+00:00\",\"dateModified\":\"2024-11-22T19:06:33+00:00\",\"author\":{\"@id\":\"https:\/\/amcham.org.pe\/news\/#\/schema\/person\/c87e67b38d12c59ee4af463f78dbe2f9\"},\"description\":\"Tras casi 8 trimestres consecutivos sin crecimiento \\u2014seis de ca\\u00edda y dos sin crecimiento\\u2014 la inversi\\u00f3n privada volvi\\u00f3 a crecer en el tercer trimestre. Seg\\u00fan el Banco Central de la Reserva del Per\\u00fa (BCRP), la inversi\\u00f3n privada creci\\u00f3 4% en el tercer trimestre; el primer resultado positivo desde el segundo trimestre del 2022.\",\"inLanguage\":\"es\",\"potentialAction\":[{\"@type\":\"ReadAction\",\"target\":[\"https:\/\/amcham.org.pe\/news\/bcrp-inversion-privada-crecio-4-en-el-tercer-trimestre\/\"]}]},{\"@type\":[\"Person\"],\"@id\":\"https:\/\/amcham.org.pe\/news\/#\/schema\/person\/c87e67b38d12c59ee4af463f78dbe2f9\",\"name\":\"Administrador\"}]}<\/script>\n<!-- \/ Yoast SEO plugin. -->","_links":{"self":[{"href":"https:\/\/amcham.org.pe\/news\/wp-json\/wp\/v2\/posts\/8973","targetHints":{"allow":["GET"]}}],"collection":[{"href":"https:\/\/amcham.org.pe\/news\/wp-json\/wp\/v2\/posts"}],"about":[{"href":"https:\/\/amcham.org.pe\/news\/wp-json\/wp\/v2\/types\/post"}],"author":[{"embeddable":true,"href":"https:\/\/amcham.org.pe\/news\/wp-json\/wp\/v2\/users\/2"}],"replies":[{"embeddable":true,"href":"https:\/\/amcham.org.pe\/news\/wp-json\/wp\/v2\/comments?post=8973"}],"version-history":[{"count":2,"href":"https:\/\/amcham.org.pe\/news\/wp-json\/wp\/v2\/posts\/8973\/revisions"}],"predecessor-version":[{"id":8975,"href":"https:\/\/amcham.org.pe\/news\/wp-json\/wp\/v2\/posts\/8973\/revisions\/8975"}],"wp:attachment":[{"href":"https:\/\/amcham.org.pe\/news\/wp-json\/wp\/v2\/media?parent=8973"}],"wp:term":[{"taxonomy":"category","embeddable":true,"href":"https:\/\/amcham.org.pe\/news\/wp-json\/wp\/v2\/categories?post=8973"},{"taxonomy":"post_tag","embeddable":true,"href":"https:\/\/amcham.org.pe\/news\/wp-json\/wp\/v2\/tags?post=8973"}],"curies":[{"name":"wp","href":"https:\/\/api.w.org\/{rel}","templated":true}]}}