{"id":9213,"date":"2025-01-10T15:32:56","date_gmt":"2025-01-10T20:32:56","guid":{"rendered":"https:\/\/amcham.org.pe\/news\/?p=9213"},"modified":"2025-01-10T15:32:56","modified_gmt":"2025-01-10T20:32:56","slug":"expectativas-empresariales-se-deterioraron-en-diciembre","status":"publish","type":"post","link":"https:\/\/amcham.org.pe\/news\/expectativas-empresariales-se-deterioraron-en-diciembre\/","title":{"rendered":"Expectativas empresariales se deterioraron en diciembre"},"content":{"rendered":"","protected":false},"excerpt":{"rendered":"","protected":false},"author":2,"featured_media":0,"comment_status":"closed","ping_status":"open","sticky":false,"template":"","format":"standard","meta":{"footnotes":""},"categories":[3],"tags":[395,117,11,139],"class_list":["post-9213","post","type-post","status-publish","format-standard","hentry","category-economia","tag-amcham-peru","tag-bcrp","tag-economia","tag-expectativas"],"yoast_head":"<!-- This site is optimized with the Yoast SEO plugin v14.5 - https:\/\/yoast.com\/wordpress\/plugins\/seo\/ -->\n<meta name=\"description\" content=\"Las expectativas empresariales mostraron un leve retroceso en diciembre, pero se mantienen en el tramo optimista seg\u00fan la \u00faltima Encuesta de Expectativas Macroecon\u00f3micas realizada por el Banco Central de Reserva del Per\u00fa (BCRP). El deterioro se observa da con respecto a la situaci\u00f3n actual, de corto y largo plazo.\" \/>\n<meta name=\"robots\" content=\"index, follow\" \/>\n<meta name=\"googlebot\" content=\"index, follow, max-snippet:-1, max-image-preview:large, max-video-preview:-1\" \/>\n<meta name=\"bingbot\" content=\"index, follow, max-snippet:-1, max-image-preview:large, max-video-preview:-1\" \/>\n<link rel=\"canonical\" href=\"https:\/\/amcham.org.pe\/news\/expectativas-empresariales-se-deterioraron-en-diciembre\/\" \/>\n<meta property=\"og:locale\" content=\"es_ES\" \/>\n<meta property=\"og:type\" content=\"article\" \/>\n<meta property=\"og:title\" content=\"Expectativas empresariales se deterioraron en diciembre - AmCham News\" \/>\n<meta property=\"og:description\" content=\"Las expectativas empresariales mostraron un leve retroceso en diciembre, pero se mantienen en el tramo optimista seg\u00fan la \u00faltima Encuesta de Expectativas Macroecon\u00f3micas realizada por el Banco Central de Reserva del Per\u00fa (BCRP). El deterioro se observa da con respecto a la situaci\u00f3n actual, de corto y largo plazo.\" \/>\n<meta property=\"og:url\" content=\"https:\/\/amcham.org.pe\/news\/expectativas-empresariales-se-deterioraron-en-diciembre\/\" \/>\n<meta property=\"og:site_name\" content=\"AmCham News\" \/>\n<meta property=\"article:published_time\" content=\"2025-01-10T20:32:56+00:00\" \/>\n<meta property=\"og:image\" content=\"https:\/\/amcham.org.pe\/news\/wp-content\/uploads\/2022\/08\/shutterstock_184808168-scaled.jpg\" \/>\n\t<meta property=\"og:image:width\" content=\"2560\" \/>\n\t<meta property=\"og:image:height\" content=\"2070\" \/>\n<meta name=\"twitter:card\" content=\"summary_large_image\" \/>\n<meta name=\"twitter:image\" content=\"https:\/\/amcham.org.pe\/news\/wp-content\/uploads\/2022\/08\/shutterstock_184808168-scaled.jpg\" \/>\n<script type=\"application\/ld+json\" class=\"yoast-schema-graph\">{\"@context\":\"https:\/\/schema.org\",\"@graph\":[{\"@type\":\"WebSite\",\"@id\":\"https:\/\/amcham.org.pe\/news\/#website\",\"url\":\"https:\/\/amcham.org.pe\/news\/\",\"name\":\"Amcham News\",\"description\":\"\",\"potentialAction\":[{\"@type\":\"SearchAction\",\"target\":\"https:\/\/amcham.org.pe\/news\/?s={search_term_string}\",\"query-input\":\"required name=search_term_string\"}],\"inLanguage\":\"es\"},{\"@type\":\"WebPage\",\"@id\":\"https:\/\/amcham.org.pe\/news\/expectativas-empresariales-se-deterioraron-en-diciembre\/#webpage\",\"url\":\"https:\/\/amcham.org.pe\/news\/expectativas-empresariales-se-deterioraron-en-diciembre\/\",\"name\":\"Expectativas empresariales se deterioraron en diciembre - AmCham News\",\"isPartOf\":{\"@id\":\"https:\/\/amcham.org.pe\/news\/#website\"},\"datePublished\":\"2025-01-10T20:32:56+00:00\",\"dateModified\":\"2025-01-10T20:32:56+00:00\",\"author\":{\"@id\":\"https:\/\/amcham.org.pe\/news\/#\/schema\/person\/c87e67b38d12c59ee4af463f78dbe2f9\"},\"description\":\"Las expectativas empresariales mostraron un leve retroceso en diciembre, pero se mantienen en el tramo optimista seg\\u00fan la \\u00faltima Encuesta de Expectativas Macroecon\\u00f3micas realizada por el Banco Central de Reserva del Per\\u00fa (BCRP). El deterioro se observa da con respecto a la situaci\\u00f3n actual, de corto y largo plazo.\",\"inLanguage\":\"es\",\"potentialAction\":[{\"@type\":\"ReadAction\",\"target\":[\"https:\/\/amcham.org.pe\/news\/expectativas-empresariales-se-deterioraron-en-diciembre\/\"]}]},{\"@type\":[\"Person\"],\"@id\":\"https:\/\/amcham.org.pe\/news\/#\/schema\/person\/c87e67b38d12c59ee4af463f78dbe2f9\",\"name\":\"Administrador\"}]}<\/script>\n<!-- \/ Yoast SEO plugin. -->","_links":{"self":[{"href":"https:\/\/amcham.org.pe\/news\/wp-json\/wp\/v2\/posts\/9213","targetHints":{"allow":["GET"]}}],"collection":[{"href":"https:\/\/amcham.org.pe\/news\/wp-json\/wp\/v2\/posts"}],"about":[{"href":"https:\/\/amcham.org.pe\/news\/wp-json\/wp\/v2\/types\/post"}],"author":[{"embeddable":true,"href":"https:\/\/amcham.org.pe\/news\/wp-json\/wp\/v2\/users\/2"}],"replies":[{"embeddable":true,"href":"https:\/\/amcham.org.pe\/news\/wp-json\/wp\/v2\/comments?post=9213"}],"version-history":[{"count":2,"href":"https:\/\/amcham.org.pe\/news\/wp-json\/wp\/v2\/posts\/9213\/revisions"}],"predecessor-version":[{"id":9215,"href":"https:\/\/amcham.org.pe\/news\/wp-json\/wp\/v2\/posts\/9213\/revisions\/9215"}],"wp:attachment":[{"href":"https:\/\/amcham.org.pe\/news\/wp-json\/wp\/v2\/media?parent=9213"}],"wp:term":[{"taxonomy":"category","embeddable":true,"href":"https:\/\/amcham.org.pe\/news\/wp-json\/wp\/v2\/categories?post=9213"},{"taxonomy":"post_tag","embeddable":true,"href":"https:\/\/amcham.org.pe\/news\/wp-json\/wp\/v2\/tags?post=9213"}],"curies":[{"name":"wp","href":"https:\/\/api.w.org\/{rel}","templated":true}]}}