{"id":9271,"date":"2025-01-22T10:23:37","date_gmt":"2025-01-22T15:23:37","guid":{"rendered":"https:\/\/amcham.org.pe\/news\/?p=9271"},"modified":"2025-01-22T10:23:37","modified_gmt":"2025-01-22T15:23:37","slug":"dentons-peru-a-paso-firme-hacia-la-proteccion-de-datos-personales","status":"publish","type":"post","link":"https:\/\/amcham.org.pe\/news\/dentons-peru-a-paso-firme-hacia-la-proteccion-de-datos-personales\/","title":{"rendered":"Dentons: Per\u00fa a paso firme hacia la protecci\u00f3n de datos personales"},"content":{"rendered":"","protected":false},"excerpt":{"rendered":"","protected":false},"author":2,"featured_media":0,"comment_status":"closed","ping_status":"open","sticky":false,"template":"","format":"standard","meta":{"footnotes":""},"categories":[7],"tags":[395,222,515,587],"class_list":["post-9271","post","type-post","status-publish","format-standard","hentry","category-socionoticias","tag-amcham-peru","tag-datos-personales","tag-dentons","tag-socionoticias"],"yoast_head":"<!-- This site is optimized with the Yoast SEO plugin v14.5 - https:\/\/yoast.com\/wordpress\/plugins\/seo\/ -->\n<meta name=\"description\" content=\"El pr\u00f3ximo 28 de enero, D\u00eda Internacional de la Protecci\u00f3n de Datos Personales, marca una oportunidad para reflexionar sobre los avances y desaf\u00edos en la privacidad de la informaci\u00f3n en el Per\u00fa. En un contexto donde los datos son un activo valioso, el pa\u00eds ha dado un importante paso con la reciente publicaci\u00f3n del nuevo reglamento de la Ley N.\u00ba 29733, que busca reforzar la seguridad y el manejo adecuado de la informaci\u00f3n personal.\" \/>\n<meta name=\"robots\" content=\"index, follow\" \/>\n<meta name=\"googlebot\" content=\"index, follow, max-snippet:-1, max-image-preview:large, max-video-preview:-1\" \/>\n<meta name=\"bingbot\" content=\"index, follow, max-snippet:-1, max-image-preview:large, max-video-preview:-1\" \/>\n<link rel=\"canonical\" href=\"https:\/\/amcham.org.pe\/news\/dentons-peru-a-paso-firme-hacia-la-proteccion-de-datos-personales\/\" \/>\n<meta property=\"og:locale\" content=\"es_ES\" \/>\n<meta property=\"og:type\" content=\"article\" \/>\n<meta property=\"og:title\" content=\"Dentons: Per\u00fa a paso firme hacia la protecci\u00f3n de datos personales - AmCham News\" \/>\n<meta property=\"og:description\" content=\"El pr\u00f3ximo 28 de enero, D\u00eda Internacional de la Protecci\u00f3n de Datos Personales, marca una oportunidad para reflexionar sobre los avances y desaf\u00edos en la privacidad de la informaci\u00f3n en el Per\u00fa. En un contexto donde los datos son un activo valioso, el pa\u00eds ha dado un importante paso con la reciente publicaci\u00f3n del nuevo reglamento de la Ley N.\u00ba 29733, que busca reforzar la seguridad y el manejo adecuado de la informaci\u00f3n personal.\" \/>\n<meta property=\"og:url\" content=\"https:\/\/amcham.org.pe\/news\/dentons-peru-a-paso-firme-hacia-la-proteccion-de-datos-personales\/\" \/>\n<meta property=\"og:site_name\" content=\"AmCham News\" \/>\n<meta property=\"article:published_time\" content=\"2025-01-22T15:23:37+00:00\" \/>\n<meta property=\"og:image\" content=\"https:\/\/amcham.org.pe\/news\/wp-content\/uploads\/2025\/01\/protecci\u00f3n-datos-2.jpg\" \/>\n\t<meta property=\"og:image:width\" content=\"903\" \/>\n\t<meta property=\"og:image:height\" content=\"565\" \/>\n<meta name=\"twitter:card\" content=\"summary_large_image\" \/>\n<meta name=\"twitter:image\" content=\"https:\/\/amcham.org.pe\/news\/wp-content\/uploads\/2025\/01\/protecci\u00f3n-datos-2.jpg\" \/>\n<script type=\"application\/ld+json\" class=\"yoast-schema-graph\">{\"@context\":\"https:\/\/schema.org\",\"@graph\":[{\"@type\":\"WebSite\",\"@id\":\"https:\/\/amcham.org.pe\/news\/#website\",\"url\":\"https:\/\/amcham.org.pe\/news\/\",\"name\":\"Amcham News\",\"description\":\"\",\"potentialAction\":[{\"@type\":\"SearchAction\",\"target\":\"https:\/\/amcham.org.pe\/news\/?s={search_term_string}\",\"query-input\":\"required name=search_term_string\"}],\"inLanguage\":\"es\"},{\"@type\":\"WebPage\",\"@id\":\"https:\/\/amcham.org.pe\/news\/dentons-peru-a-paso-firme-hacia-la-proteccion-de-datos-personales\/#webpage\",\"url\":\"https:\/\/amcham.org.pe\/news\/dentons-peru-a-paso-firme-hacia-la-proteccion-de-datos-personales\/\",\"name\":\"Dentons: Per\\u00fa a paso firme hacia la protecci\\u00f3n de datos personales - AmCham News\",\"isPartOf\":{\"@id\":\"https:\/\/amcham.org.pe\/news\/#website\"},\"datePublished\":\"2025-01-22T15:23:37+00:00\",\"dateModified\":\"2025-01-22T15:23:37+00:00\",\"author\":{\"@id\":\"https:\/\/amcham.org.pe\/news\/#\/schema\/person\/c87e67b38d12c59ee4af463f78dbe2f9\"},\"description\":\"El pr\\u00f3ximo 28 de enero, D\\u00eda Internacional de la Protecci\\u00f3n de Datos Personales, marca una oportunidad para reflexionar sobre los avances y desaf\\u00edos en la privacidad de la informaci\\u00f3n en el Per\\u00fa. En un contexto donde los datos son un activo valioso, el pa\\u00eds ha dado un importante paso con la reciente publicaci\\u00f3n del nuevo reglamento de la Ley N.\\u00ba 29733, que busca reforzar la seguridad y el manejo adecuado de la informaci\\u00f3n personal.\",\"inLanguage\":\"es\",\"potentialAction\":[{\"@type\":\"ReadAction\",\"target\":[\"https:\/\/amcham.org.pe\/news\/dentons-peru-a-paso-firme-hacia-la-proteccion-de-datos-personales\/\"]}]},{\"@type\":[\"Person\"],\"@id\":\"https:\/\/amcham.org.pe\/news\/#\/schema\/person\/c87e67b38d12c59ee4af463f78dbe2f9\",\"name\":\"Administrador\"}]}<\/script>\n<!-- \/ Yoast SEO plugin. -->","_links":{"self":[{"href":"https:\/\/amcham.org.pe\/news\/wp-json\/wp\/v2\/posts\/9271","targetHints":{"allow":["GET"]}}],"collection":[{"href":"https:\/\/amcham.org.pe\/news\/wp-json\/wp\/v2\/posts"}],"about":[{"href":"https:\/\/amcham.org.pe\/news\/wp-json\/wp\/v2\/types\/post"}],"author":[{"embeddable":true,"href":"https:\/\/amcham.org.pe\/news\/wp-json\/wp\/v2\/users\/2"}],"replies":[{"embeddable":true,"href":"https:\/\/amcham.org.pe\/news\/wp-json\/wp\/v2\/comments?post=9271"}],"version-history":[{"count":1,"href":"https:\/\/amcham.org.pe\/news\/wp-json\/wp\/v2\/posts\/9271\/revisions"}],"predecessor-version":[{"id":9273,"href":"https:\/\/amcham.org.pe\/news\/wp-json\/wp\/v2\/posts\/9271\/revisions\/9273"}],"wp:attachment":[{"href":"https:\/\/amcham.org.pe\/news\/wp-json\/wp\/v2\/media?parent=9271"}],"wp:term":[{"taxonomy":"category","embeddable":true,"href":"https:\/\/amcham.org.pe\/news\/wp-json\/wp\/v2\/categories?post=9271"},{"taxonomy":"post_tag","embeddable":true,"href":"https:\/\/amcham.org.pe\/news\/wp-json\/wp\/v2\/tags?post=9271"}],"curies":[{"name":"wp","href":"https:\/\/api.w.org\/{rel}","templated":true}]}}