{"id":9331,"date":"2025-02-03T10:46:05","date_gmt":"2025-02-03T15:46:05","guid":{"rendered":"https:\/\/amcham.org.pe\/news\/?p=9331"},"modified":"2025-02-03T17:46:31","modified_gmt":"2025-02-03T22:46:31","slug":"bbva-research-aranceles-de-25-a-mexico-serian-de-corta-duracion","status":"publish","type":"post","link":"https:\/\/amcham.org.pe\/news\/bbva-research-aranceles-de-25-a-mexico-serian-de-corta-duracion\/","title":{"rendered":"BBVA Research: Aranceles de 25% a M\u00e9xico ser\u00edan de corta duraci\u00f3n"},"content":{"rendered":"","protected":false},"excerpt":{"rendered":"","protected":false},"author":2,"featured_media":0,"comment_status":"closed","ping_status":"open","sticky":false,"template":"","format":"standard","meta":{"footnotes":""},"categories":[5],"tags":[395,245,15],"class_list":["post-9331","post","type-post","status-publish","format-standard","hentry","category-perusa","tag-amcham-peru","tag-bbva-research","tag-estados-unidos"],"yoast_head":"<!-- This site is optimized with the Yoast SEO plugin v14.5 - https:\/\/yoast.com\/wordpress\/plugins\/seo\/ -->\n<meta name=\"description\" content=\"Durante el fin de semana, la Casa Blanca anunci\u00f3 que impondr\u00e1 aranceles de 25% a las importaciones provenientes de M\u00e9xico y Canad\u00e1 y de 10% a China. A\u00fan es incierto cuando entraran en vigor las nuevas medidas, pero la importancia de estos pa\u00edses es clave para el comercio internacional de Estados Unidos.\" \/>\n<meta name=\"robots\" content=\"index, follow\" \/>\n<meta name=\"googlebot\" content=\"index, follow, max-snippet:-1, max-image-preview:large, max-video-preview:-1\" \/>\n<meta name=\"bingbot\" content=\"index, follow, max-snippet:-1, max-image-preview:large, max-video-preview:-1\" \/>\n<link rel=\"canonical\" href=\"https:\/\/amcham.org.pe\/news\/bbva-research-aranceles-de-25-a-mexico-serian-de-corta-duracion\/\" \/>\n<meta property=\"og:locale\" content=\"es_ES\" \/>\n<meta property=\"og:type\" content=\"article\" \/>\n<meta property=\"og:title\" content=\"BBVA Research: Aranceles de 25% a M\u00e9xico ser\u00edan de corta duraci\u00f3n - AmCham News\" \/>\n<meta property=\"og:description\" content=\"Durante el fin de semana, la Casa Blanca anunci\u00f3 que impondr\u00e1 aranceles de 25% a las importaciones provenientes de M\u00e9xico y Canad\u00e1 y de 10% a China. A\u00fan es incierto cuando entraran en vigor las nuevas medidas, pero la importancia de estos pa\u00edses es clave para el comercio internacional de Estados Unidos.\" \/>\n<meta property=\"og:url\" content=\"https:\/\/amcham.org.pe\/news\/bbva-research-aranceles-de-25-a-mexico-serian-de-corta-duracion\/\" \/>\n<meta property=\"og:site_name\" content=\"AmCham News\" \/>\n<meta property=\"article:published_time\" content=\"2025-02-03T15:46:05+00:00\" \/>\n<meta property=\"article:modified_time\" content=\"2025-02-03T22:46:31+00:00\" \/>\n<meta property=\"og:image\" content=\"https:\/\/amcham.org.pe\/news\/wp-content\/uploads\/2020\/08\/AdobeStock_324317553_Editorial_Use_Only_opt.jpg\" \/>\n\t<meta property=\"og:image:width\" content=\"1900\" \/>\n\t<meta property=\"og:image:height\" content=\"1268\" \/>\n<meta name=\"twitter:card\" content=\"summary_large_image\" \/>\n<meta name=\"twitter:image\" content=\"https:\/\/amcham.org.pe\/news\/wp-content\/uploads\/2020\/08\/AdobeStock_324317553_Editorial_Use_Only_opt.jpg\" \/>\n<script type=\"application\/ld+json\" class=\"yoast-schema-graph\">{\"@context\":\"https:\/\/schema.org\",\"@graph\":[{\"@type\":\"WebSite\",\"@id\":\"https:\/\/amcham.org.pe\/news\/#website\",\"url\":\"https:\/\/amcham.org.pe\/news\/\",\"name\":\"Amcham News\",\"description\":\"\",\"potentialAction\":[{\"@type\":\"SearchAction\",\"target\":\"https:\/\/amcham.org.pe\/news\/?s={search_term_string}\",\"query-input\":\"required name=search_term_string\"}],\"inLanguage\":\"es\"},{\"@type\":\"WebPage\",\"@id\":\"https:\/\/amcham.org.pe\/news\/bbva-research-aranceles-de-25-a-mexico-serian-de-corta-duracion\/#webpage\",\"url\":\"https:\/\/amcham.org.pe\/news\/bbva-research-aranceles-de-25-a-mexico-serian-de-corta-duracion\/\",\"name\":\"BBVA Research: Aranceles de 25% a M\\u00e9xico ser\\u00edan de corta duraci\\u00f3n - AmCham News\",\"isPartOf\":{\"@id\":\"https:\/\/amcham.org.pe\/news\/#website\"},\"datePublished\":\"2025-02-03T15:46:05+00:00\",\"dateModified\":\"2025-02-03T22:46:31+00:00\",\"author\":{\"@id\":\"https:\/\/amcham.org.pe\/news\/#\/schema\/person\/c87e67b38d12c59ee4af463f78dbe2f9\"},\"description\":\"Durante el fin de semana, la Casa Blanca anunci\\u00f3 que impondr\\u00e1 aranceles de 25% a las importaciones provenientes de M\\u00e9xico y Canad\\u00e1 y de 10% a China. A\\u00fan es incierto cuando entraran en vigor las nuevas medidas, pero la importancia de estos pa\\u00edses es clave para el comercio internacional de Estados Unidos.\",\"inLanguage\":\"es\",\"potentialAction\":[{\"@type\":\"ReadAction\",\"target\":[\"https:\/\/amcham.org.pe\/news\/bbva-research-aranceles-de-25-a-mexico-serian-de-corta-duracion\/\"]}]},{\"@type\":[\"Person\"],\"@id\":\"https:\/\/amcham.org.pe\/news\/#\/schema\/person\/c87e67b38d12c59ee4af463f78dbe2f9\",\"name\":\"Administrador\"}]}<\/script>\n<!-- \/ Yoast SEO plugin. -->","_links":{"self":[{"href":"https:\/\/amcham.org.pe\/news\/wp-json\/wp\/v2\/posts\/9331","targetHints":{"allow":["GET"]}}],"collection":[{"href":"https:\/\/amcham.org.pe\/news\/wp-json\/wp\/v2\/posts"}],"about":[{"href":"https:\/\/amcham.org.pe\/news\/wp-json\/wp\/v2\/types\/post"}],"author":[{"embeddable":true,"href":"https:\/\/amcham.org.pe\/news\/wp-json\/wp\/v2\/users\/2"}],"replies":[{"embeddable":true,"href":"https:\/\/amcham.org.pe\/news\/wp-json\/wp\/v2\/comments?post=9331"}],"version-history":[{"count":5,"href":"https:\/\/amcham.org.pe\/news\/wp-json\/wp\/v2\/posts\/9331\/revisions"}],"predecessor-version":[{"id":9336,"href":"https:\/\/amcham.org.pe\/news\/wp-json\/wp\/v2\/posts\/9331\/revisions\/9336"}],"wp:attachment":[{"href":"https:\/\/amcham.org.pe\/news\/wp-json\/wp\/v2\/media?parent=9331"}],"wp:term":[{"taxonomy":"category","embeddable":true,"href":"https:\/\/amcham.org.pe\/news\/wp-json\/wp\/v2\/categories?post=9331"},{"taxonomy":"post_tag","embeddable":true,"href":"https:\/\/amcham.org.pe\/news\/wp-json\/wp\/v2\/tags?post=9331"}],"curies":[{"name":"wp","href":"https:\/\/api.w.org\/{rel}","templated":true}]}}