{"id":9626,"date":"2025-04-21T16:04:05","date_gmt":"2025-04-21T21:04:05","guid":{"rendered":"https:\/\/amcham.org.pe\/news\/?p=9626"},"modified":"2025-04-21T16:04:05","modified_gmt":"2025-04-21T21:04:05","slug":"inversion-minera-aun-no-levanta-tras-caer-21-5-en-febrero","status":"publish","type":"post","link":"https:\/\/amcham.org.pe\/news\/inversion-minera-aun-no-levanta-tras-caer-21-5-en-febrero\/","title":{"rendered":"Inversi\u00f3n minera a\u00fan no levanta tras caer 21.5% en febrero"},"content":{"rendered":"","protected":false},"excerpt":{"rendered":"","protected":false},"author":2,"featured_media":0,"comment_status":"closed","ping_status":"open","sticky":false,"template":"","format":"standard","meta":{"footnotes":""},"categories":[3],"tags":[395,11,429,177,65],"class_list":["post-9626","post","type-post","status-publish","format-standard","hentry","category-economia","tag-amcham-peru","tag-economia","tag-inversion-privada","tag-minem","tag-mineria"],"yoast_head":"<!-- This site is optimized with the Yoast SEO plugin v14.5 - https:\/\/yoast.com\/wordpress\/plugins\/seo\/ -->\n<meta name=\"description\" content=\"Las inversiones minera a\u00fan no levanta. Tras registrar un crecimiento marginal de solo 0.5% en el 2024, la inversi\u00f3n minera lleg\u00f3 a los US$ 654 millones en el primer trimestre de este a\u00f1o, una ca\u00edda de 0.3% seg\u00fan el \u00faltimo bolet\u00edn minero publicado por el Ministerio de Energ\u00eda y Minas (Minem).\" \/>\n<meta name=\"robots\" content=\"index, follow\" \/>\n<meta name=\"googlebot\" content=\"index, follow, max-snippet:-1, max-image-preview:large, max-video-preview:-1\" \/>\n<meta name=\"bingbot\" content=\"index, follow, max-snippet:-1, max-image-preview:large, max-video-preview:-1\" \/>\n<link rel=\"canonical\" href=\"https:\/\/amcham.org.pe\/news\/inversion-minera-aun-no-levanta-tras-caer-21-5-en-febrero\/\" \/>\n<meta property=\"og:locale\" content=\"es_ES\" \/>\n<meta property=\"og:type\" content=\"article\" \/>\n<meta property=\"og:title\" content=\"Inversi\u00f3n minera a\u00fan no levanta tras caer 21.5% en febrero - AmCham News\" \/>\n<meta property=\"og:description\" content=\"Las inversiones minera a\u00fan no levanta. Tras registrar un crecimiento marginal de solo 0.5% en el 2024, la inversi\u00f3n minera lleg\u00f3 a los US$ 654 millones en el primer trimestre de este a\u00f1o, una ca\u00edda de 0.3% seg\u00fan el \u00faltimo bolet\u00edn minero publicado por el Ministerio de Energ\u00eda y Minas (Minem).\" \/>\n<meta property=\"og:url\" content=\"https:\/\/amcham.org.pe\/news\/inversion-minera-aun-no-levanta-tras-caer-21-5-en-febrero\/\" \/>\n<meta property=\"og:site_name\" content=\"AmCham News\" \/>\n<meta property=\"article:published_time\" content=\"2025-04-21T21:04:05+00:00\" \/>\n<meta property=\"og:image\" content=\"https:\/\/amcham.org.pe\/news\/wp-content\/uploads\/2023\/09\/AdobeStock_560931780-scaled.jpeg\" \/>\n\t<meta property=\"og:image:width\" content=\"2560\" \/>\n\t<meta property=\"og:image:height\" content=\"1707\" \/>\n<meta name=\"twitter:card\" content=\"summary_large_image\" \/>\n<meta name=\"twitter:image\" content=\"https:\/\/amcham.org.pe\/news\/wp-content\/uploads\/2023\/09\/AdobeStock_560931780-scaled.jpeg\" \/>\n<script type=\"application\/ld+json\" class=\"yoast-schema-graph\">{\"@context\":\"https:\/\/schema.org\",\"@graph\":[{\"@type\":\"WebSite\",\"@id\":\"https:\/\/amcham.org.pe\/news\/#website\",\"url\":\"https:\/\/amcham.org.pe\/news\/\",\"name\":\"Amcham News\",\"description\":\"\",\"potentialAction\":[{\"@type\":\"SearchAction\",\"target\":\"https:\/\/amcham.org.pe\/news\/?s={search_term_string}\",\"query-input\":\"required name=search_term_string\"}],\"inLanguage\":\"es\"},{\"@type\":\"WebPage\",\"@id\":\"https:\/\/amcham.org.pe\/news\/inversion-minera-aun-no-levanta-tras-caer-21-5-en-febrero\/#webpage\",\"url\":\"https:\/\/amcham.org.pe\/news\/inversion-minera-aun-no-levanta-tras-caer-21-5-en-febrero\/\",\"name\":\"Inversi\\u00f3n minera a\\u00fan no levanta tras caer 21.5% en febrero - AmCham News\",\"isPartOf\":{\"@id\":\"https:\/\/amcham.org.pe\/news\/#website\"},\"datePublished\":\"2025-04-21T21:04:05+00:00\",\"dateModified\":\"2025-04-21T21:04:05+00:00\",\"author\":{\"@id\":\"https:\/\/amcham.org.pe\/news\/#\/schema\/person\/c87e67b38d12c59ee4af463f78dbe2f9\"},\"description\":\"Las inversiones minera a\\u00fan no levanta. Tras registrar un crecimiento marginal de solo 0.5% en el 2024, la inversi\\u00f3n minera lleg\\u00f3 a los US$ 654 millones en el primer trimestre de este a\\u00f1o, una ca\\u00edda de 0.3% seg\\u00fan el \\u00faltimo bolet\\u00edn minero publicado por el Ministerio de Energ\\u00eda y Minas (Minem).\",\"inLanguage\":\"es\",\"potentialAction\":[{\"@type\":\"ReadAction\",\"target\":[\"https:\/\/amcham.org.pe\/news\/inversion-minera-aun-no-levanta-tras-caer-21-5-en-febrero\/\"]}]},{\"@type\":[\"Person\"],\"@id\":\"https:\/\/amcham.org.pe\/news\/#\/schema\/person\/c87e67b38d12c59ee4af463f78dbe2f9\",\"name\":\"Administrador\"}]}<\/script>\n<!-- \/ Yoast SEO plugin. -->","_links":{"self":[{"href":"https:\/\/amcham.org.pe\/news\/wp-json\/wp\/v2\/posts\/9626","targetHints":{"allow":["GET"]}}],"collection":[{"href":"https:\/\/amcham.org.pe\/news\/wp-json\/wp\/v2\/posts"}],"about":[{"href":"https:\/\/amcham.org.pe\/news\/wp-json\/wp\/v2\/types\/post"}],"author":[{"embeddable":true,"href":"https:\/\/amcham.org.pe\/news\/wp-json\/wp\/v2\/users\/2"}],"replies":[{"embeddable":true,"href":"https:\/\/amcham.org.pe\/news\/wp-json\/wp\/v2\/comments?post=9626"}],"version-history":[{"count":2,"href":"https:\/\/amcham.org.pe\/news\/wp-json\/wp\/v2\/posts\/9626\/revisions"}],"predecessor-version":[{"id":9628,"href":"https:\/\/amcham.org.pe\/news\/wp-json\/wp\/v2\/posts\/9626\/revisions\/9628"}],"wp:attachment":[{"href":"https:\/\/amcham.org.pe\/news\/wp-json\/wp\/v2\/media?parent=9626"}],"wp:term":[{"taxonomy":"category","embeddable":true,"href":"https:\/\/amcham.org.pe\/news\/wp-json\/wp\/v2\/categories?post=9626"},{"taxonomy":"post_tag","embeddable":true,"href":"https:\/\/amcham.org.pe\/news\/wp-json\/wp\/v2\/tags?post=9626"}],"curies":[{"name":"wp","href":"https:\/\/api.w.org\/{rel}","templated":true}]}}