{"id":9730,"date":"2025-05-22T10:45:27","date_gmt":"2025-05-22T15:45:27","guid":{"rendered":"https:\/\/amcham.org.pe\/news\/?p=9730"},"modified":"2025-05-22T10:45:27","modified_gmt":"2025-05-22T15:45:27","slug":"amcham-peru-reune-a-principales-gremios-del-pais-y-ministerios-relacionados-al-comercio-exterior-para-analizar-el-impacto-de-los-aranceles","status":"publish","type":"post","link":"https:\/\/amcham.org.pe\/news\/amcham-peru-reune-a-principales-gremios-del-pais-y-ministerios-relacionados-al-comercio-exterior-para-analizar-el-impacto-de-los-aranceles\/","title":{"rendered":"AmCham Per\u00fa re\u00fane a principales gremios del pa\u00eds y ministerios relacionados al comercio exterior para analizar el impacto de los aranceles"},"content":{"rendered":"","protected":false},"excerpt":{"rendered":"","protected":false},"author":2,"featured_media":0,"comment_status":"closed","ping_status":"open","sticky":false,"template":"","format":"standard","meta":{"footnotes":""},"categories":[6],"tags":[395,699,25,15,138],"class_list":["post-9730","post","type-post","status-publish","format-standard","hentry","category-especiales","tag-amcham-peru","tag-aranceles","tag-comex","tag-estados-unidos","tag-relaciones-internacionales"],"yoast_head":"<!-- This site is optimized with the Yoast SEO plugin v14.5 - https:\/\/yoast.com\/wordpress\/plugins\/seo\/ -->\n<meta name=\"description\" content=\"El pasado 20 de mayo, la C\u00e1mara de Comercio Americana del Per\u00fa (AmCham Per\u00fa) organiz\u00f3 el evento \u201cEl impacto de los nuevos aranceles de Estados Unidos para el Per\u00fa: desaf\u00edos y oportunidades&quot;, el cual reuni\u00f3 a representantes de los principales gremios del pa\u00eds y a figuras diplom\u00e1ticas importantes como Elmer Schialer, ministro de relaciones exteriores del Per\u00fa y Alfredo Ferrero, embajador peruano en los Estados Unidos.\" \/>\n<meta name=\"robots\" content=\"index, follow\" \/>\n<meta name=\"googlebot\" content=\"index, follow, max-snippet:-1, max-image-preview:large, max-video-preview:-1\" \/>\n<meta name=\"bingbot\" content=\"index, follow, max-snippet:-1, max-image-preview:large, max-video-preview:-1\" \/>\n<link rel=\"canonical\" href=\"https:\/\/amcham.org.pe\/news\/amcham-peru-reune-a-principales-gremios-del-pais-y-ministerios-relacionados-al-comercio-exterior-para-analizar-el-impacto-de-los-aranceles\/\" \/>\n<meta property=\"og:locale\" content=\"es_ES\" \/>\n<meta property=\"og:type\" content=\"article\" \/>\n<meta property=\"og:title\" content=\"AmCham Per\u00fa re\u00fane a principales gremios del pa\u00eds y ministerios relacionados al comercio exterior para analizar el impacto de los aranceles - AmCham News\" \/>\n<meta property=\"og:description\" content=\"El pasado 20 de mayo, la C\u00e1mara de Comercio Americana del Per\u00fa (AmCham Per\u00fa) organiz\u00f3 el evento \u201cEl impacto de los nuevos aranceles de Estados Unidos para el Per\u00fa: desaf\u00edos y oportunidades&quot;, el cual reuni\u00f3 a representantes de los principales gremios del pa\u00eds y a figuras diplom\u00e1ticas importantes como Elmer Schialer, ministro de relaciones exteriores del Per\u00fa y Alfredo Ferrero, embajador peruano en los Estados Unidos.\" \/>\n<meta property=\"og:url\" content=\"https:\/\/amcham.org.pe\/news\/amcham-peru-reune-a-principales-gremios-del-pais-y-ministerios-relacionados-al-comercio-exterior-para-analizar-el-impacto-de-los-aranceles\/\" \/>\n<meta property=\"og:site_name\" content=\"AmCham News\" \/>\n<meta property=\"article:published_time\" content=\"2025-05-22T15:45:27+00:00\" \/>\n<meta property=\"og:image\" content=\"https:\/\/amcham.org.pe\/news\/wp-content\/uploads\/2025\/05\/DSC00825-Enhanced-NR-scaled.jpg\" \/>\n\t<meta property=\"og:image:width\" content=\"2560\" \/>\n\t<meta property=\"og:image:height\" content=\"1707\" \/>\n<meta name=\"twitter:card\" content=\"summary_large_image\" \/>\n<meta name=\"twitter:image\" content=\"https:\/\/amcham.org.pe\/news\/wp-content\/uploads\/2025\/05\/DSC00825-Enhanced-NR-scaled.jpg\" \/>\n<script type=\"application\/ld+json\" class=\"yoast-schema-graph\">{\"@context\":\"https:\/\/schema.org\",\"@graph\":[{\"@type\":\"WebSite\",\"@id\":\"https:\/\/amcham.org.pe\/news\/#website\",\"url\":\"https:\/\/amcham.org.pe\/news\/\",\"name\":\"Amcham News\",\"description\":\"\",\"potentialAction\":[{\"@type\":\"SearchAction\",\"target\":\"https:\/\/amcham.org.pe\/news\/?s={search_term_string}\",\"query-input\":\"required name=search_term_string\"}],\"inLanguage\":\"es\"},{\"@type\":\"WebPage\",\"@id\":\"https:\/\/amcham.org.pe\/news\/amcham-peru-reune-a-principales-gremios-del-pais-y-ministerios-relacionados-al-comercio-exterior-para-analizar-el-impacto-de-los-aranceles\/#webpage\",\"url\":\"https:\/\/amcham.org.pe\/news\/amcham-peru-reune-a-principales-gremios-del-pais-y-ministerios-relacionados-al-comercio-exterior-para-analizar-el-impacto-de-los-aranceles\/\",\"name\":\"AmCham Per\\u00fa re\\u00fane a principales gremios del pa\\u00eds y ministerios relacionados al comercio exterior para analizar el impacto de los aranceles - AmCham News\",\"isPartOf\":{\"@id\":\"https:\/\/amcham.org.pe\/news\/#website\"},\"datePublished\":\"2025-05-22T15:45:27+00:00\",\"dateModified\":\"2025-05-22T15:45:27+00:00\",\"author\":{\"@id\":\"https:\/\/amcham.org.pe\/news\/#\/schema\/person\/c87e67b38d12c59ee4af463f78dbe2f9\"},\"description\":\"El pasado 20 de mayo, la C\\u00e1mara de Comercio Americana del Per\\u00fa (AmCham Per\\u00fa) organiz\\u00f3 el evento \\u201cEl impacto de los nuevos aranceles de Estados Unidos para el Per\\u00fa: desaf\\u00edos y oportunidades\\\", el cual reuni\\u00f3 a representantes de los principales gremios del pa\\u00eds y a figuras diplom\\u00e1ticas importantes como Elmer Schialer, ministro de relaciones exteriores del Per\\u00fa y Alfredo Ferrero, embajador peruano en los Estados Unidos.\",\"inLanguage\":\"es\",\"potentialAction\":[{\"@type\":\"ReadAction\",\"target\":[\"https:\/\/amcham.org.pe\/news\/amcham-peru-reune-a-principales-gremios-del-pais-y-ministerios-relacionados-al-comercio-exterior-para-analizar-el-impacto-de-los-aranceles\/\"]}]},{\"@type\":[\"Person\"],\"@id\":\"https:\/\/amcham.org.pe\/news\/#\/schema\/person\/c87e67b38d12c59ee4af463f78dbe2f9\",\"name\":\"Administrador\"}]}<\/script>\n<!-- \/ Yoast SEO plugin. -->","_links":{"self":[{"href":"https:\/\/amcham.org.pe\/news\/wp-json\/wp\/v2\/posts\/9730","targetHints":{"allow":["GET"]}}],"collection":[{"href":"https:\/\/amcham.org.pe\/news\/wp-json\/wp\/v2\/posts"}],"about":[{"href":"https:\/\/amcham.org.pe\/news\/wp-json\/wp\/v2\/types\/post"}],"author":[{"embeddable":true,"href":"https:\/\/amcham.org.pe\/news\/wp-json\/wp\/v2\/users\/2"}],"replies":[{"embeddable":true,"href":"https:\/\/amcham.org.pe\/news\/wp-json\/wp\/v2\/comments?post=9730"}],"version-history":[{"count":3,"href":"https:\/\/amcham.org.pe\/news\/wp-json\/wp\/v2\/posts\/9730\/revisions"}],"predecessor-version":[{"id":9737,"href":"https:\/\/amcham.org.pe\/news\/wp-json\/wp\/v2\/posts\/9730\/revisions\/9737"}],"wp:attachment":[{"href":"https:\/\/amcham.org.pe\/news\/wp-json\/wp\/v2\/media?parent=9730"}],"wp:term":[{"taxonomy":"category","embeddable":true,"href":"https:\/\/amcham.org.pe\/news\/wp-json\/wp\/v2\/categories?post=9730"},{"taxonomy":"post_tag","embeddable":true,"href":"https:\/\/amcham.org.pe\/news\/wp-json\/wp\/v2\/tags?post=9730"}],"curies":[{"name":"wp","href":"https:\/\/api.w.org\/{rel}","templated":true}]}}